{"id":1742,"date":"2017-09-28T22:18:54","date_gmt":"2017-09-29T01:18:54","guid":{"rendered":"https:\/\/www.masrojo.com.ar\/home\/?p=1742"},"modified":"2017-09-28T23:22:07","modified_gmt":"2017-09-29T02:22:07","slug":"silva","status":"publish","type":"post","link":"https:\/\/www.masrojo.com.ar\/home\/2017\/09\/28\/silva\/","title":{"rendered":"Ahora s\u00ed, habilitado Silva"},"content":{"rendered":"<hgroup>\n<h5 id=\"bajada\" class=\"entry-excerpt\" style=\"text-align: justify;\">La FIFA envi\u00f3 la habilitaci\u00f3n provisoria\u00a0del uruguayo y podr\u00eda ser titular el pr\u00f3ximo domingo frente a V\u00e9lez.<\/h5>\n<\/hgroup>\n<h5 class=\"entry-action clearfix\" style=\"text-align: justify;\"><\/h5>\n<p style=\"text-align: justify;\">Se termin\u00f3 la espera y por fin Independiente y Ariel Holan\u00a0podr\u00e1n contar con su quinto refuerzo para esta temporada.<mark>\u00a0La FIFA le envi\u00f3 a la AFA\u00a0la habilitaci\u00f3n provisoria de Gast\u00f3n Silva,\u00a0<\/mark>as\u00ed que ya est\u00e1 a disposici\u00f3n del t\u00e9cnico.<\/p>\n<p style=\"text-align: justify;\">Previo a su llegada a Independiente, el uruguayo hab\u00eda sido anunciado como refuerzo de Pumas. Incluso desde el club mexicano confirmaron que hab\u00edan acordado su llegada con el Torino. Cuando se enteraron que el mismo jugador estaba negociando con los de Avellaneda, comenz\u00f3 la pol\u00e9mica. Y aunque el Rojo hab\u00eda llegado a un acuerdo con los mexicanos, el club italiano tambi\u00e9n se meti\u00f3 en la pelea por cuestiones econ\u00f3micas y todo esto deriv\u00f3 en la no habilitaci\u00f3n de la FIFA.<\/p>\n<p style=\"text-align: right;\">Ol\u00e9<\/p>\n","protected":false},"excerpt":{"rendered":"<div class=\"mh-excerpt\"><p>La FIFA envi\u00f3 la habilitaci\u00f3n provisoria\u00a0del uruguayo y podr\u00eda ser titular el pr\u00f3ximo domingo frente a V\u00e9lez. Se termin\u00f3 la espera y por fin Independiente y Ariel Holan\u00a0podr\u00e1n contar con su quinto refuerzo para esta <a class=\"mh-excerpt-more\" href=\"https:\/\/www.masrojo.com.ar\/home\/2017\/09\/28\/silva\/\" title=\"Ahora s\u00ed, habilitado Silva\">[&#8230;]<\/a><\/p>\n<\/div>","protected":false},"author":2,"featured_media":0,"comment_status":"open","ping_status":"open","sticky":false,"template":"","format":"image","meta":{"_jetpack_memberships_contains_paid_content":false,"footnotes":"","jetpack_publicize_message":"","jetpack_publicize_feature_enabled":true,"jetpack_social_post_already_shared":false,"jetpack_social_options":{"image_generator_settings":{"template":"highway","enabled":false},"version":2}},"categories":[4],"tags":[53,27,17,70],"class_list":{"0":"post-1742","1":"post","2":"type-post","3":"status-publish","4":"format-image","6":"category-actualidad","7":"tag-amistoso","8":"tag-entrenamiento","9":"tag-independiente","10":"tag-uai-urquiza","11":"post_format-post-format-image"},"jetpack_publicize_connections":[],"jetpack_sharing_enabled":true,"jetpack_featured_media_url":"","jetpack_shortlink":"https:\/\/wp.me\/s90W9F-silva","_links":{"self":[{"href":"https:\/\/www.masrojo.com.ar\/home\/wp-json\/wp\/v2\/posts\/1742"}],"collection":[{"href":"https:\/\/www.masrojo.com.ar\/home\/wp-json\/wp\/v2\/posts"}],"about":[{"href":"https:\/\/www.masrojo.com.ar\/home\/wp-json\/wp\/v2\/types\/post"}],"author":[{"embeddable":true,"href":"https:\/\/www.masrojo.com.ar\/home\/wp-json\/wp\/v2\/users\/2"}],"replies":[{"embeddable":true,"href":"https:\/\/www.masrojo.com.ar\/home\/wp-json\/wp\/v2\/comments?post=1742"}],"version-history":[{"count":0,"href":"https:\/\/www.masrojo.com.ar\/home\/wp-json\/wp\/v2\/posts\/1742\/revisions"}],"wp:attachment":[{"href":"https:\/\/www.masrojo.com.ar\/home\/wp-json\/wp\/v2\/media?parent=1742"}],"wp:term":[{"taxonomy":"category","embeddable":true,"href":"https:\/\/www.masrojo.com.ar\/home\/wp-json\/wp\/v2\/categories?post=1742"},{"taxonomy":"post_tag","embeddable":true,"href":"https:\/\/www.masrojo.com.ar\/home\/wp-json\/wp\/v2\/tags?post=1742"}],"curies":[{"name":"wp","href":"https:\/\/api.w.org\/{rel}","templated":true}]}}