{"id":17767,"date":"2018-09-01T11:37:26","date_gmt":"2018-09-01T14:37:26","guid":{"rendered":"https:\/\/www.masrojo.com.ar\/home\/?p=17767"},"modified":"2018-09-04T16:46:26","modified_gmt":"2018-09-04T19:46:26","slug":"lo-buscan-de-mexico","status":"publish","type":"post","link":"https:\/\/www.masrojo.com.ar\/home\/2018\/09\/01\/lo-buscan-de-mexico\/","title":{"rendered":"LO BUSCAN DE M\u00c9XICO"},"content":{"rendered":"<p class=\"cont-entradilla-art\" style=\"text-align: justify;\">El mediocampista argentino se encuentra en el radar de Rayados, pero su club, Independiente, considera improbable el traspaso del jugador a la Liga MX.<\/p>\n<p style=\"text-align: justify;\"><strong>Maximiliano Meza se encuentra en el radar de Rayados<\/strong>, pero el club argentino, considera que su llegada a la Liga MX es poco viable, as\u00ed lo asegur\u00f3\u00a0Carlos Monta\u00f1a, vicepresidente de la instituci\u00f3n. La oferta ser\u00eda de 15 millones de d\u00f3lares, cuando la cl\u00e1usula de salida es de 25 millones de d\u00f3lares.<\/p>\n<p style=\"text-align: justify;\"><strong>\u201cNo me parece que el sondeo de Monterrey por Maximiliano Meza sea viable, b\u00e1sicamente porque no tienen cupo<\/strong>.\u00a0No tengo informaci\u00f3n, pero\u00a0<strong>es muy dif\u00edcil que Meza se vaya en esta etapa de la Copa Libertadores<\/strong>. No nos dio su palabra de quedarse, s\u00f3lo hay un contrato de por medio y una cl\u00e1usula\u201d, explico el dirigente en entrevista para\u00a0<em>Rojos de Pasi\u00f3n.\u00a0<\/em><\/p>\n<p>Por su parte,\u00a0<strong>el mundialista en la pasada Copa del Mundo de Rusia, confes\u00f3 que la decisi\u00f3n queda en los dirigentes<\/strong>, mientras tambi\u00e9n considera las puertas que se le podr\u00edan cerrar con su llegada al f\u00fatbol mexicano.<\/p>\n<p>\u00abSer\u00e1 decisi\u00f3n de los dirigentes, pero yo s\u00e9 mi trabajo, mi camino, qu\u00e9 es lo que quiero. S\u00e9 que si tom\u00f3 una decisi\u00f3n por ah\u00ed se me pueden cerrar algunas puertas.\u00a0<strong>Si llega esa oferta vamos a ver con los dirigentes\u00bb<\/strong><\/p>\n","protected":false},"excerpt":{"rendered":"<div class=\"mh-excerpt\"><p>El mediocampista argentino se encuentra en el radar de Rayados, pero su club, Independiente, considera improbable el traspaso del jugador a la Liga MX. Maximiliano Meza se encuentra en el radar de Rayados, pero el <a class=\"mh-excerpt-more\" href=\"https:\/\/www.masrojo.com.ar\/home\/2018\/09\/01\/lo-buscan-de-mexico\/\" title=\"LO BUSCAN DE M\u00c9XICO\">[&#8230;]<\/a><\/p>\n<\/div>","protected":false},"author":6,"featured_media":0,"comment_status":"closed","ping_status":"closed","sticky":false,"template":"","format":"image","meta":{"_jetpack_memberships_contains_paid_content":false,"footnotes":"","jetpack_publicize_message":"","jetpack_publicize_feature_enabled":true,"jetpack_social_post_already_shared":true,"jetpack_social_options":{"image_generator_settings":{"template":"highway","enabled":false},"version":2}},"categories":[4],"tags":[35],"class_list":{"0":"post-17767","1":"post","2":"type-post","3":"status-publish","4":"format-image","6":"category-actualidad","7":"tag-meza","8":"post_format-post-format-image"},"jetpack_publicize_connections":[],"jetpack_sharing_enabled":true,"jetpack_featured_media_url":"","jetpack_shortlink":"https:\/\/wp.me\/p90W9F-4Cz","_links":{"self":[{"href":"https:\/\/www.masrojo.com.ar\/home\/wp-json\/wp\/v2\/posts\/17767"}],"collection":[{"href":"https:\/\/www.masrojo.com.ar\/home\/wp-json\/wp\/v2\/posts"}],"about":[{"href":"https:\/\/www.masrojo.com.ar\/home\/wp-json\/wp\/v2\/types\/post"}],"author":[{"embeddable":true,"href":"https:\/\/www.masrojo.com.ar\/home\/wp-json\/wp\/v2\/users\/6"}],"replies":[{"embeddable":true,"href":"https:\/\/www.masrojo.com.ar\/home\/wp-json\/wp\/v2\/comments?post=17767"}],"version-history":[{"count":0,"href":"https:\/\/www.masrojo.com.ar\/home\/wp-json\/wp\/v2\/posts\/17767\/revisions"}],"wp:attachment":[{"href":"https:\/\/www.masrojo.com.ar\/home\/wp-json\/wp\/v2\/media?parent=17767"}],"wp:term":[{"taxonomy":"category","embeddable":true,"href":"https:\/\/www.masrojo.com.ar\/home\/wp-json\/wp\/v2\/categories?post=17767"},{"taxonomy":"post_tag","embeddable":true,"href":"https:\/\/www.masrojo.com.ar\/home\/wp-json\/wp\/v2\/tags?post=17767"}],"curies":[{"name":"wp","href":"https:\/\/api.w.org\/{rel}","templated":true}]}}