{"id":1794,"date":"2017-10-01T00:09:22","date_gmt":"2017-10-01T03:09:22","guid":{"rendered":"https:\/\/www.masrojo.com.ar\/home\/?p=1794"},"modified":"2017-10-01T00:09:22","modified_gmt":"2017-10-01T03:09:22","slug":"levantar-cabeza","status":"publish","type":"post","link":"https:\/\/www.masrojo.com.ar\/home\/2017\/10\/01\/levantar-cabeza\/","title":{"rendered":"LEVANTAR CABEZA"},"content":{"rendered":"<p style=\"text-align: justify;\"><strong>Independiente\u00a0y\u00a0V\u00e9lez Sarsfield\u00a0se enfrentan este domingo 1 de octubre dentro de la fecha\u00a05 de la\u00a0Superliga\u00a0Argentina. El encuentro se disputa\u00a0a las 16:05 horas<\/strong><\/p>\n<p style=\"text-align: justify;\"><strong>Este domingo los Diablos Rojos reciben en el estadio Libertadores de Am\u00e9rica a los Fortineros para continuar con la fecha 5 de la primera divisi\u00f3n del\u00a0f\u00fatbol argentino. Ambos equipos sufrieron derrotas en sus partidos correspondientes a la jornada 4, por lo que buscar\u00e1n llevarse los 3 puntos nuevamente.<\/strong><\/p>\n<p style=\"text-align: justify;\"><strong>Independiente\u00a0marcha en la posici\u00f3n 15 de la tabla con 4 puntos, resultado de apenas una victoria y un empate, con 4 goles a favor y la misma cantidad en contra. Los Rojos, en sus \u00faltimos 2 encuentros sufrieron derrotas por la m\u00ednima, y quedando eliminado de la Copa Argentina, el obejetivo qued\u00f3 centrado en la Sudamericana, pero con la necesidad de no perder m\u00e1s puntos en el torneo.<\/strong><\/p>\n<p style=\"text-align: justify;\"><strong>En Independiente al igual que en V\u00e9lez habr\u00e1 dos bajas: Fabricio Bustos contin\u00faa con la lesi\u00f3n muscular y Walter Erviti con un cuadro de gastroenterocolitis, no podr\u00e1n estar. La novedad ser\u00e1 el debut de Gast\u00f3n Silva, quien recibi\u00f3 la habilitaci\u00f3n provisoria de la FIFA, y jugar\u00e1 como segundo marcador central, desplazando a Nicol\u00e1s Tagliafico al lateral izquierdo, su posici\u00f3n habitual, y a Juan S\u00e1nchez Mi\u00f1o al mediocampo.<\/strong><\/p>\n<p style=\"text-align: justify;\"><strong>De no mediar inconvenientes, la probable formaci\u00f3n para enfrentar al Fort\u00edn es: Mart\u00edn Campa\u00f1a; Guti\u00e9rrez, Alan Franco, Silva, Tagliafico; Nicol\u00e1s Domingo, Diego Rodr\u00edguez; Maximiliano Meza, Mart\u00edn Ben\u00edtez, S\u00e1nchez Mi\u00f1o y Leandro Fern\u00e1ndez.<\/strong><\/p>\n","protected":false},"excerpt":{"rendered":"<div class=\"mh-excerpt\"><p>Independiente\u00a0y\u00a0V\u00e9lez Sarsfield\u00a0se enfrentan este domingo 1 de octubre dentro de la fecha\u00a05 de la\u00a0Superliga\u00a0Argentina. El encuentro se disputa\u00a0a las 16:05 horas Este domingo los Diablos Rojos reciben en el estadio Libertadores de Am\u00e9rica a los <a class=\"mh-excerpt-more\" href=\"https:\/\/www.masrojo.com.ar\/home\/2017\/10\/01\/levantar-cabeza\/\" title=\"LEVANTAR CABEZA\">[&#8230;]<\/a><\/p>\n<\/div>","protected":false},"author":2,"featured_media":0,"comment_status":"open","ping_status":"open","sticky":false,"template":"","format":"image","meta":{"_jetpack_memberships_contains_paid_content":false,"footnotes":"","jetpack_publicize_message":"","jetpack_publicize_feature_enabled":true,"jetpack_social_post_already_shared":false,"jetpack_social_options":{"image_generator_settings":{"template":"highway","enabled":false},"version":2}},"categories":[4],"tags":[],"class_list":{"0":"post-1794","1":"post","2":"type-post","3":"status-publish","4":"format-image","6":"category-actualidad","7":"post_format-post-format-image"},"jetpack_publicize_connections":[],"jetpack_sharing_enabled":true,"jetpack_featured_media_url":"","jetpack_shortlink":"https:\/\/wp.me\/p90W9F-sW","_links":{"self":[{"href":"https:\/\/www.masrojo.com.ar\/home\/wp-json\/wp\/v2\/posts\/1794"}],"collection":[{"href":"https:\/\/www.masrojo.com.ar\/home\/wp-json\/wp\/v2\/posts"}],"about":[{"href":"https:\/\/www.masrojo.com.ar\/home\/wp-json\/wp\/v2\/types\/post"}],"author":[{"embeddable":true,"href":"https:\/\/www.masrojo.com.ar\/home\/wp-json\/wp\/v2\/users\/2"}],"replies":[{"embeddable":true,"href":"https:\/\/www.masrojo.com.ar\/home\/wp-json\/wp\/v2\/comments?post=1794"}],"version-history":[{"count":0,"href":"https:\/\/www.masrojo.com.ar\/home\/wp-json\/wp\/v2\/posts\/1794\/revisions"}],"wp:attachment":[{"href":"https:\/\/www.masrojo.com.ar\/home\/wp-json\/wp\/v2\/media?parent=1794"}],"wp:term":[{"taxonomy":"category","embeddable":true,"href":"https:\/\/www.masrojo.com.ar\/home\/wp-json\/wp\/v2\/categories?post=1794"},{"taxonomy":"post_tag","embeddable":true,"href":"https:\/\/www.masrojo.com.ar\/home\/wp-json\/wp\/v2\/tags?post=1794"}],"curies":[{"name":"wp","href":"https:\/\/api.w.org\/{rel}","templated":true}]}}