{"id":1805,"date":"2017-10-01T20:01:56","date_gmt":"2017-10-01T23:01:56","guid":{"rendered":"https:\/\/www.masrojo.com.ar\/home\/?p=1805"},"modified":"2017-10-01T21:17:33","modified_gmt":"2017-10-02T00:17:33","slug":"es-un-desafio-muy-importante","status":"publish","type":"post","link":"https:\/\/www.masrojo.com.ar\/home\/2017\/10\/01\/es-un-desafio-muy-importante\/","title":{"rendered":"\u00abEs un desaf\u00edo muy importante\u00bb"},"content":{"rendered":"<p style=\"text-align: justify;\"><strong>Se acab\u00f3 la espera para Gast\u00f3n Silva y, hoy por la tarde, tuvo su debut con la camiseta de Independiente en la victoria 1-0 ante V\u00e9lez. El defensor habl\u00f3 de sus sensaciones, como termin\u00f3\u00a0el encuentro y la importancia del triunfo.\u00a0<\/strong><\/p>\n<p style=\"text-align: justify;\"><strong>\u00abTuve un poco de nervios porque la camiseta y el club pesan pero muy contento por la semana dificil que tuvimos asi que sumar de a tres fue muy importante\u00bb\u00a0<\/strong>empez\u00f3 declarando el ex jugador del Torino, hablando de su primer partido en el \u00abrojo\u00bb.<\/p>\n<p style=\"text-align: justify;\">Por otro lado, hizo referencia a la semana que tuvo el equipo para poder revertir la situaci\u00f3n adversa de tres derrotas consecutivas: <strong>\u00ab<\/strong><strong>Cuando perdes tenes que ver los errores y, en base a eso, el grupo trabaja para recuperarse y hoy se pudo ver dentro del campo\u00bb<\/strong><\/p>\n<p style=\"text-align: justify;\">Siguiendo con su tan esperado debut, el uruguayo habl\u00f3 de los momentos previos al inicio del encuentro, que casi viene con yapa: <strong>\u00abComo dije, lo viv\u00ed\u00a0un poco con nervios pero el cuerpo t\u00e9cnico y mis compa\u00f1eros me hablaron paras tranquilizarme y eso ayuda mucho. Casi se dio de poder marcar pero lo importante siempre fue ganar este partido.\u00bb<\/strong><\/p>\n<p style=\"text-align: justify;\">En la mitad del segundo tiempo, el marcador central tuvo que salir por un calambre en una de sus piernas y \u00e9l se encarg\u00f3 de explicar la situaci\u00f3n:<strong>\u00a0\u00abTermin\u00e9 el partido con una sobrecarga pero creo tiene que ver con los nervios previos pero no fue nada fuerte por suerte\u00bb.<\/strong><\/p>\n<p style=\"text-align: justify;\">Sorpresivamente, se lo vio muy participativo en las pelotas paradas y el uruguayo opino sobre sus intervenciones: <strong>\u00abQue haya ejecutado las pelotas paradas se van dando en los entrenamientos. Estaba la posibilidad de dos pateadores zurdos con Tagliafico y se inclinaron por mi aunque se piense que, a veces, eso implica sacar un jugador alto del \u00e1rea\u00bb<\/strong><\/p>\n<p style=\"text-align: justify;\"><strong>Mi \u00faltimo partido a nivel clubes hab\u00eda sido en mayo cuando termin\u00f3 la temporada en el Granada\u00bb\u00a0<\/strong>agreg\u00f3 Silva, haciendo alusi\u00f3n al tiempo sin actividad a nivel clubes y coment\u00f3 como se prepar\u00f3 para este dia: <strong>\u00abDesde ese momento que estaba parado pero, despu\u00e9s de la vacaciones, trabaj\u00e9 mucho en lo f\u00edsico y siempre esperando la oportunidad para poder jugar.<\/strong><\/p>\n<p style=\"text-align: justify;\">Por \u00faltimo, el futbolista de Independiente habl\u00f3 sobre su llegada e hizo hincapi\u00e9 en las personas que intervinieron para su arribo:<strong> \u00abLa palabra de Ariel Holan y de mis compatriotas fueron las que me hicieron llegar al club y, al ser un club grande Independiente, tambi\u00e9n dan ganas de llegar y par ami es un desaf\u00edo muy importante.\u00bb<\/strong><\/p>\n<p>&nbsp;<\/p>\n<blockquote class=\"twitter-tweet\" data-lang=\"es\">\n<p lang=\"und\" dir=\"ltr\"><a href=\"https:\/\/t.co\/xQKo9HMgAo\">https:\/\/t.co\/xQKo9HMgAo<\/a><\/p>\n<p>&mdash; MasRojo (@masrojo) <a href=\"https:\/\/twitter.com\/masrojo\/status\/914609434911019014?ref_src=twsrc%5Etfw\">1 de octubre de 2017<\/a><\/p><\/blockquote>\n<p><script async src=\"\/\/platform.twitter.com\/widgets.js\" charset=\"utf-8\"><\/script><\/p>\n","protected":false},"excerpt":{"rendered":"<div class=\"mh-excerpt\"><p>Se acab\u00f3 la espera para Gast\u00f3n Silva y, hoy por la tarde, tuvo su debut con la camiseta de Independiente en la victoria 1-0 ante V\u00e9lez. El defensor habl\u00f3 de sus sensaciones, como termin\u00f3\u00a0el encuentro <a class=\"mh-excerpt-more\" href=\"https:\/\/www.masrojo.com.ar\/home\/2017\/10\/01\/es-un-desafio-muy-importante\/\" title=\"\u00abEs un desaf\u00edo muy importante\u00bb\">[&#8230;]<\/a><\/p>\n<\/div>","protected":false},"author":2,"featured_media":0,"comment_status":"open","ping_status":"open","sticky":false,"template":"","format":"standard","meta":{"_jetpack_memberships_contains_paid_content":false,"footnotes":"","jetpack_publicize_message":"","jetpack_publicize_feature_enabled":true,"jetpack_social_post_already_shared":false,"jetpack_social_options":{"image_generator_settings":{"template":"highway","enabled":false},"version":2}},"categories":[4],"tags":[77,17,75,76],"class_list":{"0":"post-1805","1":"post","2":"type-post","3":"status-publish","4":"format-standard","6":"category-actualidad","7":"tag-granada","8":"tag-independiente","9":"tag-silva","10":"tag-uruguay"},"jetpack_publicize_connections":[],"jetpack_sharing_enabled":true,"jetpack_featured_media_url":"","jetpack_shortlink":"https:\/\/wp.me\/p90W9F-t7","_links":{"self":[{"href":"https:\/\/www.masrojo.com.ar\/home\/wp-json\/wp\/v2\/posts\/1805"}],"collection":[{"href":"https:\/\/www.masrojo.com.ar\/home\/wp-json\/wp\/v2\/posts"}],"about":[{"href":"https:\/\/www.masrojo.com.ar\/home\/wp-json\/wp\/v2\/types\/post"}],"author":[{"embeddable":true,"href":"https:\/\/www.masrojo.com.ar\/home\/wp-json\/wp\/v2\/users\/2"}],"replies":[{"embeddable":true,"href":"https:\/\/www.masrojo.com.ar\/home\/wp-json\/wp\/v2\/comments?post=1805"}],"version-history":[{"count":0,"href":"https:\/\/www.masrojo.com.ar\/home\/wp-json\/wp\/v2\/posts\/1805\/revisions"}],"wp:attachment":[{"href":"https:\/\/www.masrojo.com.ar\/home\/wp-json\/wp\/v2\/media?parent=1805"}],"wp:term":[{"taxonomy":"category","embeddable":true,"href":"https:\/\/www.masrojo.com.ar\/home\/wp-json\/wp\/v2\/categories?post=1805"},{"taxonomy":"post_tag","embeddable":true,"href":"https:\/\/www.masrojo.com.ar\/home\/wp-json\/wp\/v2\/tags?post=1805"}],"curies":[{"name":"wp","href":"https:\/\/api.w.org\/{rel}","templated":true}]}}