{"id":18074,"date":"2018-09-08T17:30:02","date_gmt":"2018-09-08T20:30:02","guid":{"rendered":"https:\/\/www.masrojo.com.ar\/home\/?p=18074"},"modified":"2018-09-09T00:35:18","modified_gmt":"2018-09-09T03:35:18","slug":"jornada-muy-positiva-ante-en-inferiores","status":"publish","type":"post","link":"https:\/\/www.masrojo.com.ar\/home\/2018\/09\/08\/jornada-muy-positiva-ante-en-inferiores\/","title":{"rendered":"Jornada muy positiva en inferiores"},"content":{"rendered":"<p style=\"text-align: justify;\"><strong>Las inferiores de Independiente no frenaron pese a la fecha FIFA y disputaron la fecha 6 ante el \u00abpincha\u00bb y los de Avellaneda lograron tres victorias, dos empates y una derrota. La Cuarta sigue puntera en solead.<\/strong><\/p>\n<p style=\"text-align: justify;\">En el primer partido de la jornada, el \u00abrojo\u00bb ten\u00eda un partido clave par mantener el liderazgo en la Cuarta divisi\u00f3n. Los de Cristian G\u00f3mez llegaban en la primera posici\u00f3n y el club platense tercero, a dos unidades de distancia.<strong> En un partido muy trabado, los locales ganaron 2-0 con goles de Lautaro Miramonte y Lucas Abadie. De esta manera, los \u00abdiablos\u00bb siguen en la primera posici\u00f3n y en soledad con 16 puntos, tres m\u00e1s que el escolta Talleres.<\/strong><\/p>\n<blockquote class=\"twitter-tweet\" data-lang=\"es\">\n<p dir=\"ltr\" lang=\"es\">La palabra de Patricio Ostachuk luego de la victoria de Cuarta! <a href=\"https:\/\/t.co\/p70hyYnWwm\">https:\/\/t.co\/p70hyYnWwm<\/a><\/p>\n<p>\u2014 MasRojo (@masrojo) <a href=\"https:\/\/twitter.com\/masrojo\/status\/1038428870075019266?ref_src=twsrc%5Etfw\">8 de septiembre de 2018<\/a><\/p><\/blockquote>\n<p><script async src=\"https:\/\/platform.twitter.com\/widgets.js\" charset=\"utf-8\"><\/script><\/p>\n<p style=\"text-align: justify;\">El segundo encuentro fue de la quinta categor\u00eda que arranc\u00f3 ganando al minuto de juego gracias al gol de Luciano Villalva. Sin embargo, cuando parec\u00eda que la jornada iba a seguir con otra victoria, Estudiantes marc\u00f3 el empate en una jugada que tuvo muchos rebotes y termin\u00f3 sentenciando Alexis Vega. Fue 1-1 para los dirigidos por Pablo Goglino que cosecharon el segundo empate consecutivo.<\/p>\n<p style=\"text-align: justify;\">Por \u00faltimo, la Sexta divisi\u00f3n de Edgardo Acu\u00f1a se jugaba todo para volver al triunfo luego de la dura derrota 3-0 ante Banfield. En un partido que empez\u00f3 ganando Estudiantes con un buen remate de media distancia,\u00a0 <strong>el \u00abrojo\u00bb se hizo fuerte como local y lo dio vuelta con goles de Mat\u00edas Prado e Ignacio Medina para quedarse con el triunfo por 2-1.<\/strong><\/p>\n<p style=\"text-align: justify;\">En City Bell, la S\u00e9ptima no levanta cabeza y perdi\u00f3 por la m\u00ednima ante el \u00able\u00f3n\u00bb cosechando su tercer partido sin triunfos. La Octava disput\u00f3 el partido m\u00e1s atractivo en la casa de Estudiantes y empat\u00f3 2-2 con los goles de Valent\u00edn Ben\u00edtez y Santiago M\u00e9ndez. Por \u00faltimo, la Novena mti\u00f3 un torazo en rodeo ajeno y le gan\u00f3 2-0 a Nicol\u00e1s Castagno.<\/p>\n<blockquote class=\"twitter-tweet\" data-lang=\"es\">\n<p dir=\"ltr\" lang=\"es\">La palabra de Sebasti\u00e1n Silva, mediocampista de la Sexta de <a href=\"https:\/\/twitter.com\/hashtag\/Independiente?src=hash&amp;ref_src=twsrc%5Etfw\">#Independiente<\/a> que analiz\u00f3 el triunfo ante Estudiantes.<a href=\"https:\/\/twitter.com\/hashtag\/VamosLosPibes?src=hash&amp;ref_src=twsrc%5Etfw\">#VamosLosPibes<\/a>&#x1f4aa;&#x1f1e6;&#x1f1f9; <a href=\"https:\/\/t.co\/vRzx5P0U9P\">pic.twitter.com\/vRzx5P0U9P<\/a><\/p>\n<p>\u2014 MasRojo (@masrojo) <a href=\"https:\/\/twitter.com\/masrojo\/status\/1038495647882727424?ref_src=twsrc%5Etfw\">8 de septiembre de 2018<\/a><\/p><\/blockquote>\n<p><script async src=\"https:\/\/platform.twitter.com\/widgets.js\" charset=\"utf-8\"><\/script><br \/>\nDe esta manera, Independiente sac\u00f3 11 de 18 puntos posibles, producto de tres victorias, dos empates y una derrota. Los resultados fueron:<\/p>\n<p>4ta: Independiente 2 (Lautaro Miramonte y Lucas Abadie) &#8211; Estudiantes 1<\/p>\n<p>5ta: Independiente 1 (Luciano Villalba) &#8211; Estudiantes 1<\/p>\n<p>6ta: Independiente 2 (Mat\u00edas Prado e Igancio Medina) &#8211; Estudiantes 1<\/p>\n<p>7ma: Estudiantes 1 &#8211; Independiente 0<\/p>\n<p>8va: Estudiantes 2 &#8211; Independiente 2 (Valent\u00edn Ben\u00edtez y Santiago M\u00e9ndez)<\/p>\n<p>9na: Estudiantes 0 &#8211; Independiente 2 (Nicol\u00e1s Castagno x2)<\/p>\n<p>La pr\u00f3xima fecha se medir\u00e1n ante Talleres con la particularidad de que mantendr\u00e1n local\u00edas.<\/p>\n","protected":false},"excerpt":{"rendered":"<div class=\"mh-excerpt\"><p>Las inferiores de Independiente no frenaron pese a la fecha FIFA y disputaron la fecha 6 ante el \u00abpincha\u00bb y los de Avellaneda lograron tres victorias, dos empates y una derrota. La Cuarta sigue puntera <a class=\"mh-excerpt-more\" href=\"https:\/\/www.masrojo.com.ar\/home\/2018\/09\/08\/jornada-muy-positiva-ante-en-inferiores\/\" title=\"Jornada muy positiva en inferiores\">[&#8230;]<\/a><\/p>\n<\/div>","protected":false},"author":2,"featured_media":0,"comment_status":"closed","ping_status":"closed","sticky":false,"template":"","format":"video","meta":{"_jetpack_memberships_contains_paid_content":false,"footnotes":"","jetpack_publicize_message":"","jetpack_publicize_feature_enabled":true,"jetpack_social_post_already_shared":true,"jetpack_social_options":{"image_generator_settings":{"template":"highway","enabled":false},"version":2}},"categories":[16],"tags":[246,17,260,32,233],"class_list":{"0":"post-18074","1":"post","2":"type-post","3":"status-publish","4":"format-video","6":"category-inferiores","7":"tag-estudiantes","8":"tag-independiente","9":"tag-inferiores","10":"tag-superliga","11":"tag-talleres","12":"post_format-post-format-video"},"jetpack_publicize_connections":[],"jetpack_sharing_enabled":true,"jetpack_featured_media_url":"","jetpack_shortlink":"https:\/\/wp.me\/p90W9F-4Hw","_links":{"self":[{"href":"https:\/\/www.masrojo.com.ar\/home\/wp-json\/wp\/v2\/posts\/18074"}],"collection":[{"href":"https:\/\/www.masrojo.com.ar\/home\/wp-json\/wp\/v2\/posts"}],"about":[{"href":"https:\/\/www.masrojo.com.ar\/home\/wp-json\/wp\/v2\/types\/post"}],"author":[{"embeddable":true,"href":"https:\/\/www.masrojo.com.ar\/home\/wp-json\/wp\/v2\/users\/2"}],"replies":[{"embeddable":true,"href":"https:\/\/www.masrojo.com.ar\/home\/wp-json\/wp\/v2\/comments?post=18074"}],"version-history":[{"count":0,"href":"https:\/\/www.masrojo.com.ar\/home\/wp-json\/wp\/v2\/posts\/18074\/revisions"}],"wp:attachment":[{"href":"https:\/\/www.masrojo.com.ar\/home\/wp-json\/wp\/v2\/media?parent=18074"}],"wp:term":[{"taxonomy":"category","embeddable":true,"href":"https:\/\/www.masrojo.com.ar\/home\/wp-json\/wp\/v2\/categories?post=18074"},{"taxonomy":"post_tag","embeddable":true,"href":"https:\/\/www.masrojo.com.ar\/home\/wp-json\/wp\/v2\/tags?post=18074"}],"curies":[{"name":"wp","href":"https:\/\/api.w.org\/{rel}","templated":true}]}}