{"id":18378,"date":"2018-09-15T15:38:20","date_gmt":"2018-09-15T18:38:20","guid":{"rendered":"https:\/\/www.masrojo.com.ar\/home\/?p=18378"},"modified":"2018-09-15T16:24:52","modified_gmt":"2018-09-15T19:24:52","slug":"domingo-fuimos-superiores-y-contundentes","status":"publish","type":"post","link":"https:\/\/www.masrojo.com.ar\/home\/2018\/09\/15\/domingo-fuimos-superiores-y-contundentes\/","title":{"rendered":"Domingo: \u00abFuimos superiores y contundentes\u00bb"},"content":{"rendered":"<p style=\"text-align: justify;\">Luego de la victoria con goleada ante Col\u00f3n en el Libertadores de Am\u00e9rica, Nicol\u00e1s Domingo recibi\u00f3 la ovaci\u00f3n de todo el estadio: \u00abDesde que llegu\u00e9 siento mucho respeto y la gente me acompa\u00f1\u00f3 siempre. Solo tengo palabras de agradecimiento\u00bb.<\/p>\n<p>&nbsp;<\/p>\n<p style=\"text-align: justify;\">Y sobre el encuentro dijo:\u00a0 \u201cFuimos superiores y contundentes. Manejamos el partido y nos da un envi\u00f3n para lo que viene\u201d.<\/p>\n<p>&nbsp;<\/p>\n<p style=\"text-align: justify;\">\u00abLo del mi\u00e9rcoles es lo que esperamos pero no hab\u00edamos ganado todav\u00eda y deb\u00edamos enfocarnos en hoy\u00bb cerr\u00f3 diciendo.<\/p>\n<p>&nbsp;<\/p>\n","protected":false},"excerpt":{"rendered":"<div class=\"mh-excerpt\"><p>Luego de la victoria con goleada ante Col\u00f3n en el Libertadores de Am\u00e9rica, Nicol\u00e1s Domingo recibi\u00f3 la ovaci\u00f3n de todo el estadio: \u00abDesde que llegu\u00e9 siento mucho respeto y la gente me acompa\u00f1\u00f3 siempre. Solo <a class=\"mh-excerpt-more\" href=\"https:\/\/www.masrojo.com.ar\/home\/2018\/09\/15\/domingo-fuimos-superiores-y-contundentes\/\" title=\"Domingo: \u00abFuimos superiores y contundentes\u00bb\">[&#8230;]<\/a><\/p>\n<\/div>","protected":false},"author":2,"featured_media":0,"comment_status":"closed","ping_status":"closed","sticky":false,"template":"","format":"video","meta":{"_jetpack_memberships_contains_paid_content":false,"footnotes":"","jetpack_publicize_message":"","jetpack_publicize_feature_enabled":true,"jetpack_social_post_already_shared":true,"jetpack_social_options":{"image_generator_settings":{"template":"highway","enabled":false},"version":2}},"categories":[4],"tags":[17,258,32],"class_list":{"0":"post-18378","1":"post","2":"type-post","3":"status-publish","4":"format-video","6":"category-actualidad","7":"tag-independiente","8":"tag-nicolas-domingo","9":"tag-superliga","10":"post_format-post-format-video"},"jetpack_publicize_connections":[],"jetpack_sharing_enabled":true,"jetpack_featured_media_url":"","jetpack_shortlink":"https:\/\/wp.me\/p90W9F-4Mq","_links":{"self":[{"href":"https:\/\/www.masrojo.com.ar\/home\/wp-json\/wp\/v2\/posts\/18378"}],"collection":[{"href":"https:\/\/www.masrojo.com.ar\/home\/wp-json\/wp\/v2\/posts"}],"about":[{"href":"https:\/\/www.masrojo.com.ar\/home\/wp-json\/wp\/v2\/types\/post"}],"author":[{"embeddable":true,"href":"https:\/\/www.masrojo.com.ar\/home\/wp-json\/wp\/v2\/users\/2"}],"replies":[{"embeddable":true,"href":"https:\/\/www.masrojo.com.ar\/home\/wp-json\/wp\/v2\/comments?post=18378"}],"version-history":[{"count":0,"href":"https:\/\/www.masrojo.com.ar\/home\/wp-json\/wp\/v2\/posts\/18378\/revisions"}],"wp:attachment":[{"href":"https:\/\/www.masrojo.com.ar\/home\/wp-json\/wp\/v2\/media?parent=18378"}],"wp:term":[{"taxonomy":"category","embeddable":true,"href":"https:\/\/www.masrojo.com.ar\/home\/wp-json\/wp\/v2\/categories?post=18378"},{"taxonomy":"post_tag","embeddable":true,"href":"https:\/\/www.masrojo.com.ar\/home\/wp-json\/wp\/v2\/tags?post=18378"}],"curies":[{"name":"wp","href":"https:\/\/api.w.org\/{rel}","templated":true}]}}