{"id":18386,"date":"2018-09-15T15:57:32","date_gmt":"2018-09-15T18:57:32","guid":{"rendered":"https:\/\/www.masrojo.com.ar\/home\/?p=18386"},"modified":"2018-09-15T16:24:27","modified_gmt":"2018-09-15T19:24:27","slug":"veron-pudimos-hacer-lo-que-habiamos-practicado","status":"publish","type":"post","link":"https:\/\/www.masrojo.com.ar\/home\/2018\/09\/15\/veron-pudimos-hacer-lo-que-habiamos-practicado\/","title":{"rendered":"Ver\u00f3n: \u201cPudimos hacer lo que hab\u00edamos practicado\u201d"},"content":{"rendered":"<p style=\"text-align: justify;\">\u201cSiempre es importante hacer buenos partidos para seguir en la pelea por el puesto. Se que hay muchos jugadores y de gran jerarqu\u00eda, pero es un lindo grupo para seguir peleando\u201d declara Gonzalo Ver\u00f3n, uno de los m\u00e1s desequilibrantes ante el Zbalero.<\/p>\n<p>&nbsp;<\/p>\n<p style=\"text-align: justify;\">En la primera etapa no pudo desplegar su velocidad y juego aunque en la segunda etapa subi\u00f3 mucho su nivel. Fundamental en el juego por las bandas, analiz\u00f3 la primera victoria de Independiente en Superliga: \u201cEstuvimos bien parados, no sufrimos mucho, pudimos hacer los goles de contra golpe que es lo que hab\u00edamos practicado\u201d.<\/p>\n<p>&nbsp;<\/p>\n<p style=\"text-align: justify;\">Y tambi\u00e9n se mostr\u00f3 envalentonado ante el pr\u00f3ximo duelo por Cuartos de Final de Copa Librtadores: \u201cTenemos una buena idea de juego, grandes jugadores y con eso podemos hacer un gran partido ante River. Estamos con mucha fe\u201d.<\/p>\n<p>&nbsp;<\/p>\n","protected":false},"excerpt":{"rendered":"<div class=\"mh-excerpt\"><p>\u201cSiempre es importante hacer buenos partidos para seguir en la pelea por el puesto. Se que hay muchos jugadores y de gran jerarqu\u00eda, pero es un lindo grupo para seguir peleando\u201d declara Gonzalo Ver\u00f3n, uno <a class=\"mh-excerpt-more\" href=\"https:\/\/www.masrojo.com.ar\/home\/2018\/09\/15\/veron-pudimos-hacer-lo-que-habiamos-practicado\/\" title=\"Ver\u00f3n: \u201cPudimos hacer lo que hab\u00edamos practicado\u201d\">[&#8230;]<\/a><\/p>\n<\/div>","protected":false},"author":2,"featured_media":0,"comment_status":"closed","ping_status":"closed","sticky":false,"template":"","format":"video","meta":{"_jetpack_memberships_contains_paid_content":false,"footnotes":"","jetpack_publicize_message":"","jetpack_publicize_feature_enabled":true,"jetpack_social_post_already_shared":true,"jetpack_social_options":{"image_generator_settings":{"template":"highway","enabled":false},"version":2}},"categories":[4],"tags":[238,17,32],"class_list":{"0":"post-18386","1":"post","2":"type-post","3":"status-publish","4":"format-video","6":"category-actualidad","7":"tag-gonzalo-veron","8":"tag-independiente","9":"tag-superliga","10":"post_format-post-format-video"},"jetpack_publicize_connections":[],"jetpack_sharing_enabled":true,"jetpack_featured_media_url":"","jetpack_shortlink":"https:\/\/wp.me\/p90W9F-4My","_links":{"self":[{"href":"https:\/\/www.masrojo.com.ar\/home\/wp-json\/wp\/v2\/posts\/18386"}],"collection":[{"href":"https:\/\/www.masrojo.com.ar\/home\/wp-json\/wp\/v2\/posts"}],"about":[{"href":"https:\/\/www.masrojo.com.ar\/home\/wp-json\/wp\/v2\/types\/post"}],"author":[{"embeddable":true,"href":"https:\/\/www.masrojo.com.ar\/home\/wp-json\/wp\/v2\/users\/2"}],"replies":[{"embeddable":true,"href":"https:\/\/www.masrojo.com.ar\/home\/wp-json\/wp\/v2\/comments?post=18386"}],"version-history":[{"count":0,"href":"https:\/\/www.masrojo.com.ar\/home\/wp-json\/wp\/v2\/posts\/18386\/revisions"}],"wp:attachment":[{"href":"https:\/\/www.masrojo.com.ar\/home\/wp-json\/wp\/v2\/media?parent=18386"}],"wp:term":[{"taxonomy":"category","embeddable":true,"href":"https:\/\/www.masrojo.com.ar\/home\/wp-json\/wp\/v2\/categories?post=18386"},{"taxonomy":"post_tag","embeddable":true,"href":"https:\/\/www.masrojo.com.ar\/home\/wp-json\/wp\/v2\/tags?post=18386"}],"curies":[{"name":"wp","href":"https:\/\/api.w.org\/{rel}","templated":true}]}}