{"id":18661,"date":"2018-09-18T15:04:54","date_gmt":"2018-09-18T18:04:54","guid":{"rendered":"https:\/\/www.masrojo.com.ar\/home\/?p=18661"},"modified":"2018-09-18T15:04:54","modified_gmt":"2018-09-18T18:04:54","slug":"ultima-practica","status":"publish","type":"post","link":"https:\/\/www.masrojo.com.ar\/home\/2018\/09\/18\/ultima-practica\/","title":{"rendered":"\u00daltima pr\u00e1ctica"},"content":{"rendered":"<p style=\"text-align: justify;\"><strong>El conjunto de Ariel Holan reliz\u00f3 la pr\u00e1ctica matutina en el Libertadores de Am\u00e9rica y ya quedar\u00e1 concentrado de cara al duelo de ma\u00f1ana frente a River por los Cuartos de final de la Copa Libertadores. Leandro Fern\u00e1ndez y Francisco Pizzini entrenaron diferenciados.\u00a0<\/strong><\/p>\n<p style=\"text-align: justify;\">El plantel trabaj\u00f3 con sistema de posesi\u00f3n, ejercicios t\u00e1cticos y entren\u00f3 la pelota parada en la ante sala de un partido trascendental en el certamen internacional. Ya en el plano individual, los diferenciados fueron Leandro Fern\u00e1ndez y Francisco Pizzini hicieron ejercicios de kinesiolog\u00eda y trabajos f\u00edsicos en el campo de juego.<\/p>\n<p style=\"text-align: justify;\">Por otro lado, Gonzalo Rehak contin\u00faa con la rehabilitaci\u00f3n de su hombro izquierdo en el gimnasio. Luego de la pr\u00e1ctica, el equipo quedar\u00e1 concentrado en el hotel Scala a la espera del duelo copero.<\/p>\n","protected":false},"excerpt":{"rendered":"<div class=\"mh-excerpt\"><p>El conjunto de Ariel Holan reliz\u00f3 la pr\u00e1ctica matutina en el Libertadores de Am\u00e9rica y ya quedar\u00e1 concentrado de cara al duelo de ma\u00f1ana frente a River por los Cuartos de final de la Copa <a class=\"mh-excerpt-more\" href=\"https:\/\/www.masrojo.com.ar\/home\/2018\/09\/18\/ultima-practica\/\" title=\"\u00daltima pr\u00e1ctica\">[&#8230;]<\/a><\/p>\n<\/div>","protected":false},"author":2,"featured_media":0,"comment_status":"closed","ping_status":"closed","sticky":false,"template":"","format":"standard","meta":{"_jetpack_memberships_contains_paid_content":false,"footnotes":"","jetpack_publicize_message":"","jetpack_publicize_feature_enabled":true,"jetpack_social_post_already_shared":true,"jetpack_social_options":{"image_generator_settings":{"template":"highway","enabled":false},"version":2}},"categories":[4],"tags":[163,54,17,46,79,112],"class_list":{"0":"post-18661","1":"post","2":"type-post","3":"status-publish","4":"format-standard","6":"category-actualidad","7":"tag-copa-libertadores","8":"tag-fernandez","9":"tag-independiente","10":"tag-pizzini","11":"tag-rehak","12":"tag-river"},"jetpack_publicize_connections":[],"jetpack_sharing_enabled":true,"jetpack_featured_media_url":"","jetpack_shortlink":"https:\/\/wp.me\/p90W9F-4QZ","_links":{"self":[{"href":"https:\/\/www.masrojo.com.ar\/home\/wp-json\/wp\/v2\/posts\/18661"}],"collection":[{"href":"https:\/\/www.masrojo.com.ar\/home\/wp-json\/wp\/v2\/posts"}],"about":[{"href":"https:\/\/www.masrojo.com.ar\/home\/wp-json\/wp\/v2\/types\/post"}],"author":[{"embeddable":true,"href":"https:\/\/www.masrojo.com.ar\/home\/wp-json\/wp\/v2\/users\/2"}],"replies":[{"embeddable":true,"href":"https:\/\/www.masrojo.com.ar\/home\/wp-json\/wp\/v2\/comments?post=18661"}],"version-history":[{"count":0,"href":"https:\/\/www.masrojo.com.ar\/home\/wp-json\/wp\/v2\/posts\/18661\/revisions"}],"wp:attachment":[{"href":"https:\/\/www.masrojo.com.ar\/home\/wp-json\/wp\/v2\/media?parent=18661"}],"wp:term":[{"taxonomy":"category","embeddable":true,"href":"https:\/\/www.masrojo.com.ar\/home\/wp-json\/wp\/v2\/categories?post=18661"},{"taxonomy":"post_tag","embeddable":true,"href":"https:\/\/www.masrojo.com.ar\/home\/wp-json\/wp\/v2\/tags?post=18661"}],"curies":[{"name":"wp","href":"https:\/\/api.w.org\/{rel}","templated":true}]}}