{"id":18904,"date":"2018-09-22T22:23:44","date_gmt":"2018-09-23T01:23:44","guid":{"rendered":"https:\/\/www.masrojo.com.ar\/home\/?p=18904"},"modified":"2018-09-22T22:23:44","modified_gmt":"2018-09-23T01:23:44","slug":"no-fue-el-resultado-que-esperabamos","status":"publish","type":"post","link":"https:\/\/www.masrojo.com.ar\/home\/2018\/09\/22\/no-fue-el-resultado-que-esperabamos\/","title":{"rendered":"\u00abNo fue el resultado que esper\u00e1bamos\u00bb"},"content":{"rendered":"<p style=\"text-align: justify;\"><strong>Guillermo Burdisso habl\u00f3 instantes despu\u00e9s de consumado el empate ante Banfield y habl\u00f3 de como termin\u00f3 el encuentro, las consecuencias que est\u00e1 dejando la doble competencia y ya comenz\u00f3 a palpitar los pr\u00f3ximos compromisos: \u00abSi bien queremos pelear la Superliga, la Copa es el objetivo del semestre\u00bb.<\/strong><\/p>\n<p style=\"text-align: justify;\">El ex Arsenal y Boca habl\u00f3 de su estado f\u00edsico y como finaliz\u00f3 el partido de esta tarde:\u00a0<strong>\u00abtermin\u00e9 acalambrado, cosa que nunca me pas\u00f3. La cancha estaba muy pesada y, al tener un jugador menos tanto tiempo, tuvimos que sacar ese plus para poder dar vuelta el partido\u00bb.\u00a0<\/strong>Adem\u00e1s, el defensor aclar\u00f3 que\u00a0<strong>\u00abmuchos futbolistas vienen de un desgaste en la semana pero no era el resultado que esper\u00e1bamos\u00bb.<\/strong><\/p>\n<p style=\"text-align: justify;\">Por otro lado, el futbolista del \u00abrojo\u00bb se refiri\u00f3 a los compromisos que le quedan al club en la pr\u00f3xima semana, con Tigre por la Superliga y River por la Copa Libertadores:\u00a0<strong>\u00abAhora tenemos una semana m\u00e1s larga de lo normal pero queremos prepararnos para lo que se viene y pulir detalles. Si bien la Copa es el objetivo de la temporada, queremos pelear la Superliga hasta el final.\u00a0<\/strong>Por \u00faltimo, sentenci\u00f3: <strong>\u00abEl partido con River es de vida o muerte para nosotros\u00bb.<\/strong><\/p>\n","protected":false},"excerpt":{"rendered":"<div class=\"mh-excerpt\"><p>Guillermo Burdisso habl\u00f3 instantes despu\u00e9s de consumado el empate ante Banfield y habl\u00f3 de como termin\u00f3 el encuentro, las consecuencias que est\u00e1 dejando la doble competencia y ya comenz\u00f3 a palpitar los pr\u00f3ximos compromisos: \u00abSi <a class=\"mh-excerpt-more\" href=\"https:\/\/www.masrojo.com.ar\/home\/2018\/09\/22\/no-fue-el-resultado-que-esperabamos\/\" title=\"\u00abNo fue el resultado que esper\u00e1bamos\u00bb\">[&#8230;]<\/a><\/p>\n<\/div>","protected":false},"author":2,"featured_media":0,"comment_status":"closed","ping_status":"closed","sticky":false,"template":"","format":"standard","meta":{"_jetpack_memberships_contains_paid_content":false,"footnotes":"","jetpack_publicize_message":"","jetpack_publicize_feature_enabled":true,"jetpack_social_post_already_shared":true,"jetpack_social_options":{"image_generator_settings":{"template":"highway","enabled":false},"version":2}},"categories":[4],"tags":[282,467,163,17,112,32],"class_list":{"0":"post-18904","1":"post","2":"type-post","3":"status-publish","4":"format-standard","6":"category-actualidad","7":"tag-banfield","8":"tag-burdisso","9":"tag-copa-libertadores","10":"tag-independiente","11":"tag-river","12":"tag-superliga"},"jetpack_publicize_connections":[],"jetpack_sharing_enabled":true,"jetpack_featured_media_url":"","jetpack_shortlink":"https:\/\/wp.me\/p90W9F-4UU","_links":{"self":[{"href":"https:\/\/www.masrojo.com.ar\/home\/wp-json\/wp\/v2\/posts\/18904"}],"collection":[{"href":"https:\/\/www.masrojo.com.ar\/home\/wp-json\/wp\/v2\/posts"}],"about":[{"href":"https:\/\/www.masrojo.com.ar\/home\/wp-json\/wp\/v2\/types\/post"}],"author":[{"embeddable":true,"href":"https:\/\/www.masrojo.com.ar\/home\/wp-json\/wp\/v2\/users\/2"}],"replies":[{"embeddable":true,"href":"https:\/\/www.masrojo.com.ar\/home\/wp-json\/wp\/v2\/comments?post=18904"}],"version-history":[{"count":0,"href":"https:\/\/www.masrojo.com.ar\/home\/wp-json\/wp\/v2\/posts\/18904\/revisions"}],"wp:attachment":[{"href":"https:\/\/www.masrojo.com.ar\/home\/wp-json\/wp\/v2\/media?parent=18904"}],"wp:term":[{"taxonomy":"category","embeddable":true,"href":"https:\/\/www.masrojo.com.ar\/home\/wp-json\/wp\/v2\/categories?post=18904"},{"taxonomy":"post_tag","embeddable":true,"href":"https:\/\/www.masrojo.com.ar\/home\/wp-json\/wp\/v2\/tags?post=18904"}],"curies":[{"name":"wp","href":"https:\/\/api.w.org\/{rel}","templated":true}]}}