{"id":18913,"date":"2018-09-22T22:42:14","date_gmt":"2018-09-23T01:42:14","guid":{"rendered":"https:\/\/www.masrojo.com.ar\/home\/?p=18913"},"modified":"2018-09-22T22:42:14","modified_gmt":"2018-09-23T01:42:14","slug":"la-expulsion-nos-complico-el-partido","status":"publish","type":"post","link":"https:\/\/www.masrojo.com.ar\/home\/2018\/09\/22\/la-expulsion-nos-complico-el-partido\/","title":{"rendered":"\u00abLa expulsi\u00f3n nos complic\u00f3 el partido\u00bb"},"content":{"rendered":"<p style=\"text-align: justify;\"><strong>Fernando Gaibor dialog\u00f3 luego del empate ante Banfield y analiz\u00f3 el partido, hizo hincapi\u00e9 en la roja a Pablo Hern\u00e1ndez y destac\u00f3 el resultado: \u00abPese a haber tenido el partido cuesta arriba, sacamos un punto importante\u00bb.<\/strong><\/p>\n<p style=\"text-align: justify;\">El ecuatoriano comenz\u00f3 sus declaraciones hablando sobre las consecuencias de haberse quedado con diez tan temprano en el partido:<strong> \u00abFuera de la expulsi\u00f3n, tuvimos que doblegar refuerzos y pudimos empatar un partido que se nos hizo dur\u00edsimo. Nos podemos llevar un punto importante\u00bb.<\/strong><\/p>\n<p style=\"text-align: justify;\">Por otro lado, el volante habl\u00f3 de la doble competencia y resalt\u00f3 haber sumado ante una situaci\u00f3n adversa desde lo futbol\u00edstico:<strong> \u00abSabemos la responsabilidad que tenemos al disputar dos torneos. Hoy nos tocaba enfocarnos en la Superliga y vinimos con la mentalidad de ganar. La expulsi\u00f3n de Hern\u00e1ndez nos complic\u00f3 el encuentro pero lo importantes es sumar y no haber perdido\u00bb.<\/strong><\/p>\n<blockquote class=\"twitter-tweet\" data-lang=\"es\">\n<p dir=\"ltr\" lang=\"es\"><a href=\"https:\/\/twitter.com\/hashtag\/TNTSports?src=hash&amp;ref_src=twsrc%5Etfw\">#TNTSports<\/a> | Fernando Gaibor reconoci\u00f3 que la expulsi\u00f3n de Hern\u00e1ndez les hizo el partido cuesta arriba y tuvieron que correr mucho m\u00e1s.<a href=\"https:\/\/twitter.com\/hashtag\/Banfield?src=hash&amp;ref_src=twsrc%5Etfw\">#Banfield<\/a> &#x1f19a; <a href=\"https:\/\/twitter.com\/hashtag\/Independiente?src=hash&amp;ref_src=twsrc%5Etfw\">#Independiente<\/a> <a href=\"https:\/\/t.co\/CKzQ4jRh6a\">pic.twitter.com\/CKzQ4jRh6a<\/a><\/p>\n<p>\u2014 TNT Sports LA (@TNTSportsLA) <a href=\"https:\/\/twitter.com\/TNTSportsLA\/status\/1043668690728890368?ref_src=twsrc%5Etfw\">23 de septiembre de 2018<\/a><\/p><\/blockquote>\n<p><script async src=\"https:\/\/platform.twitter.com\/widgets.js\" charset=\"utf-8\"><\/script><\/p>\n<p style=\"text-align: justify;\">Por \u00faltimo, el ex Emelec destac\u00f3 la importancia del partido con Tigre y se refiri\u00f3 al vital cruce por el torneo internacional: <strong>\u00abSi bien River es uno de los objetivos, el viernes tenemos un partido importante contra Tigre y aprovecharemos esta semana para enfocarnos en ese encuentro. Despu\u00e9s s\u00ed nos tocar\u00e1 dedicarnos de lleno al encuentro de la Copa\u00bb<\/strong><\/p>\n","protected":false},"excerpt":{"rendered":"<div class=\"mh-excerpt\"><p>Fernando Gaibor dialog\u00f3 luego del empate ante Banfield y analiz\u00f3 el partido, hizo hincapi\u00e9 en la roja a Pablo Hern\u00e1ndez y destac\u00f3 el resultado: \u00abPese a haber tenido el partido cuesta arriba, sacamos un punto <a class=\"mh-excerpt-more\" href=\"https:\/\/www.masrojo.com.ar\/home\/2018\/09\/22\/la-expulsion-nos-complico-el-partido\/\" title=\"\u00abLa expulsi\u00f3n nos complic\u00f3 el partido\u00bb\">[&#8230;]<\/a><\/p>\n<\/div>","protected":false},"author":2,"featured_media":0,"comment_status":"closed","ping_status":"closed","sticky":false,"template":"","format":"video","meta":{"_jetpack_memberships_contains_paid_content":false,"footnotes":"","jetpack_publicize_message":"","jetpack_publicize_feature_enabled":true,"jetpack_social_post_already_shared":true,"jetpack_social_options":{"image_generator_settings":{"template":"highway","enabled":false},"version":2}},"categories":[4],"tags":[155,215,17,112,32],"class_list":{"0":"post-18913","1":"post","2":"type-post","3":"status-publish","4":"format-video","6":"category-actualidad","7":"tag-copa","8":"tag-gaibor","9":"tag-independiente","10":"tag-river","11":"tag-superliga","12":"post_format-post-format-video"},"jetpack_publicize_connections":[],"jetpack_sharing_enabled":true,"jetpack_featured_media_url":"","jetpack_shortlink":"https:\/\/wp.me\/p90W9F-4V3","_links":{"self":[{"href":"https:\/\/www.masrojo.com.ar\/home\/wp-json\/wp\/v2\/posts\/18913"}],"collection":[{"href":"https:\/\/www.masrojo.com.ar\/home\/wp-json\/wp\/v2\/posts"}],"about":[{"href":"https:\/\/www.masrojo.com.ar\/home\/wp-json\/wp\/v2\/types\/post"}],"author":[{"embeddable":true,"href":"https:\/\/www.masrojo.com.ar\/home\/wp-json\/wp\/v2\/users\/2"}],"replies":[{"embeddable":true,"href":"https:\/\/www.masrojo.com.ar\/home\/wp-json\/wp\/v2\/comments?post=18913"}],"version-history":[{"count":0,"href":"https:\/\/www.masrojo.com.ar\/home\/wp-json\/wp\/v2\/posts\/18913\/revisions"}],"wp:attachment":[{"href":"https:\/\/www.masrojo.com.ar\/home\/wp-json\/wp\/v2\/media?parent=18913"}],"wp:term":[{"taxonomy":"category","embeddable":true,"href":"https:\/\/www.masrojo.com.ar\/home\/wp-json\/wp\/v2\/categories?post=18913"},{"taxonomy":"post_tag","embeddable":true,"href":"https:\/\/www.masrojo.com.ar\/home\/wp-json\/wp\/v2\/tags?post=18913"}],"curies":[{"name":"wp","href":"https:\/\/api.w.org\/{rel}","templated":true}]}}