{"id":20014,"date":"2018-10-18T15:46:04","date_gmt":"2018-10-18T18:46:04","guid":{"rendered":"https:\/\/www.masrojo.com.ar\/home\/?p=20014"},"modified":"2018-10-18T15:46:04","modified_gmt":"2018-10-18T18:46:04","slug":"volvieron-3","status":"publish","type":"post","link":"https:\/\/www.masrojo.com.ar\/home\/2018\/10\/18\/volvieron-3\/","title":{"rendered":"Volvieron"},"content":{"rendered":"<p style=\"text-align: justify;\"><span style=\"font-family: helvetica, arial, sans-serif;\"><em>Entre tantas malas noticias que hubo en cuanto a lesionados en el plantel, Ariel Holan recuper\u00f3 la sonrisa con dos retornos.<\/em><\/span><\/p>\n<p style=\"text-align: justify;\"><span style=\"font-family: helvetica, arial, sans-serif;\"><em>Maximiliano Meza y Fabricio Bustos se reintegraron al grupo, tras la gira con la Selecci\u00f3n Argentina y formaron parte de la pr\u00e1ctica y Holan los cuenta para ser titulares el domingo ante Hurac\u00e1n.<\/em><\/span><\/p>\n<p style=\"text-align: justify;\"><span style=\"font-family: helvetica, arial, sans-serif;\"><em>Los trabajos realizaron fueron movimientos en espacios reducidos. Transiciones defensa-ataque y ataque-defensa. Adem\u00e1s de ensayos en la definici\u00f3n.<\/em><\/span><\/p>\n<p style=\"text-align: justify;\"><span style=\"font-family: helvetica, arial, sans-serif;\"><em>Nicol\u00e1s Figal, Pablo Hern\u00e1ndez, Silvio Romero y Francisco Silva trabajan en kinesiolog\u00eda e intensifican sus rutinas f\u00edsicas en el campo.<\/em><\/span><br \/>\n<span style=\"font-family: helvetica, arial, sans-serif;\"><em>Fern\u00e1ndez y Rehak contin\u00faan con sus ejercicios de rehabilitaci\u00f3n. Alan Franco, kinesiolog\u00eda. Carlos Benavidez, a la espera de su intervenci\u00f3n quir\u00fargica.<\/em><\/span><\/p>\n<p style=\"text-align: justify;\"><span style=\"font-family: helvetica, arial, sans-serif;\"><em>Independiente entrenar\u00e1 ma\u00f1ana desde las 10.00 en Villa Dom\u00ednico a puertas cerradas.<\/em><\/span><\/p>\n","protected":false},"excerpt":{"rendered":"<div class=\"mh-excerpt\"><p>Entre tantas malas noticias que hubo en cuanto a lesionados en el plantel, Ariel Holan recuper\u00f3 la sonrisa con dos retornos. Maximiliano Meza y Fabricio Bustos se reintegraron al grupo, tras la gira con la <a class=\"mh-excerpt-more\" href=\"https:\/\/www.masrojo.com.ar\/home\/2018\/10\/18\/volvieron-3\/\" title=\"Volvieron\">[&#8230;]<\/a><\/p>\n<\/div>","protected":false},"author":6,"featured_media":0,"comment_status":"closed","ping_status":"closed","sticky":false,"template":"","format":"image","meta":{"_jetpack_memberships_contains_paid_content":false,"footnotes":"","jetpack_publicize_message":"","jetpack_publicize_feature_enabled":true,"jetpack_social_post_already_shared":true,"jetpack_social_options":{"image_generator_settings":{"template":"highway","enabled":false},"version":2}},"categories":[4],"tags":[],"class_list":{"0":"post-20014","1":"post","2":"type-post","3":"status-publish","4":"format-image","6":"category-actualidad","7":"post_format-post-format-image"},"jetpack_publicize_connections":[],"jetpack_sharing_enabled":true,"jetpack_featured_media_url":"","jetpack_shortlink":"https:\/\/wp.me\/p90W9F-5cO","_links":{"self":[{"href":"https:\/\/www.masrojo.com.ar\/home\/wp-json\/wp\/v2\/posts\/20014"}],"collection":[{"href":"https:\/\/www.masrojo.com.ar\/home\/wp-json\/wp\/v2\/posts"}],"about":[{"href":"https:\/\/www.masrojo.com.ar\/home\/wp-json\/wp\/v2\/types\/post"}],"author":[{"embeddable":true,"href":"https:\/\/www.masrojo.com.ar\/home\/wp-json\/wp\/v2\/users\/6"}],"replies":[{"embeddable":true,"href":"https:\/\/www.masrojo.com.ar\/home\/wp-json\/wp\/v2\/comments?post=20014"}],"version-history":[{"count":0,"href":"https:\/\/www.masrojo.com.ar\/home\/wp-json\/wp\/v2\/posts\/20014\/revisions"}],"wp:attachment":[{"href":"https:\/\/www.masrojo.com.ar\/home\/wp-json\/wp\/v2\/media?parent=20014"}],"wp:term":[{"taxonomy":"category","embeddable":true,"href":"https:\/\/www.masrojo.com.ar\/home\/wp-json\/wp\/v2\/categories?post=20014"},{"taxonomy":"post_tag","embeddable":true,"href":"https:\/\/www.masrojo.com.ar\/home\/wp-json\/wp\/v2\/tags?post=20014"}],"curies":[{"name":"wp","href":"https:\/\/api.w.org\/{rel}","templated":true}]}}