{"id":20491,"date":"2018-10-30T09:11:42","date_gmt":"2018-10-30T12:11:42","guid":{"rendered":"https:\/\/www.masrojo.com.ar\/home\/?p=20491"},"modified":"2018-10-31T10:06:12","modified_gmt":"2018-10-31T13:06:12","slug":"llermanos-pide-anular-la-indagatoria-a-pablo-moyano","status":"publish","type":"post","link":"https:\/\/www.masrojo.com.ar\/home\/2018\/10\/30\/llermanos-pide-anular-la-indagatoria-a-pablo-moyano\/","title":{"rendered":"Llermanos pide anular la indagatoria a Pablo Moyano"},"content":{"rendered":"<p style=\"text-align: justify;\"><em>La defensa de\u00a0<strong>Pablo Moyano<\/strong>\u00a0pidi\u00f3 hoy que se suspenda\u00a0la declaraci\u00f3n\u00a0indagatoria que el hijo de Hugo deb\u00eda brindarle al fiscal de Lomas de Zamora,\u00a0<strong>Sebasti\u00e1n Scalera<\/strong>. En el escrito presentado por\u00a0<strong>Daniel Llermanos<\/strong>, abogado de Pablo.<\/em><\/p>\n<p style=\"text-align: justify;\"><em><strong>\u00abHabiendo sido usted recusado y denunciado penalmente por esta parte, estimo que la declaraci\u00f3n que usted pueda tomar a mi asistido no cuenta con las garant\u00edas procesales m\u00ednimas\u00bb<\/strong>, se lee en la primera p\u00e1gina del documento.<\/em><\/p>\n<p style=\"text-align: justify;\"><em>Pablo Moyano estaba citado para el 1ro de noviembre, para comparecer ante Scalera, sin embargo, su defensa pidi\u00f3 dejar\u00a0\u00absin efecto\u00bb\u00a0ese llamado. Prosigue Llermanos:\u00a0<strong>\u00abLa clara sospecha de parcialidad, que usted ya ha demostrado y que ha motivado tanto la recusaci\u00f3n como la denuncia penal en su contra, amerita que el llamado a prestar declaraci\u00f3n al Sr Pablo Moyano sea dejado sin efecto, hasta tanto sean resueltas las cuestiones planteadas por el Juez competente\u00bb.<\/strong><\/em><\/p>\n<p style=\"text-align: justify;\"><em>Adem\u00e1s, Llermanos tambi\u00e9n solicit\u00f3 que, en caso de no lograr que el procedimiento quede\u00a0\u00absin efecto\u00bb, el mismo sea realizado ante el Juez: \u00abSolicito expresamente que la declaraci\u00f3n de Pablo Moyano sea recibida con la presencia del Sr Juez de Garant\u00edas\u00bb. Adem\u00e1s, la defensa de Moyano advierte que\u00a0<strong>\u00aben caso de no hacerse lugar a lo solicitado\u00bb<\/strong>\u00a0se reserva el derecho de<strong>\u00a0\u00absolicitar la nulidad de la convocatoria\u00bb<\/strong>.<\/em><\/p>\n<p style=\"text-align: justify;\"><em>En di\u00e1logo con\u00a0<strong>\u00abDoble Amarilla\u00bb<\/strong>, en el d\u00eda de ayer, el doctor Llermanos ya hab\u00eda adelantado que la declaraci\u00f3n indagatoria de Pablo Moyano era\u00a0<strong>\u00abilegal\u00bb<\/strong>. Hoy fue un paso m\u00e1s all\u00e1 y pidi\u00f3 que la misma quede sin efecto.\u00a0<\/em><\/p>\n<p style=\"text-align: justify;\"><em>Doble Amarilla<\/em><\/p>\n","protected":false},"excerpt":{"rendered":"<div class=\"mh-excerpt\"><p>La defensa de\u00a0Pablo Moyano\u00a0pidi\u00f3 hoy que se suspenda\u00a0la declaraci\u00f3n\u00a0indagatoria que el hijo de Hugo deb\u00eda brindarle al fiscal de Lomas de Zamora,\u00a0Sebasti\u00e1n Scalera. En el escrito presentado por\u00a0Daniel Llermanos, abogado de Pablo. \u00abHabiendo sido usted <a class=\"mh-excerpt-more\" href=\"https:\/\/www.masrojo.com.ar\/home\/2018\/10\/30\/llermanos-pide-anular-la-indagatoria-a-pablo-moyano\/\" title=\"Llermanos pide anular la indagatoria a Pablo Moyano\">[&#8230;]<\/a><\/p>\n<\/div>","protected":false},"author":6,"featured_media":14985,"comment_status":"closed","ping_status":"closed","sticky":false,"template":"","format":"image","meta":{"_jetpack_memberships_contains_paid_content":false,"footnotes":"","jetpack_publicize_message":"","jetpack_publicize_feature_enabled":true,"jetpack_social_post_already_shared":true,"jetpack_social_options":{"image_generator_settings":{"template":"highway","enabled":false},"version":2}},"categories":[4],"tags":[],"class_list":{"0":"post-20491","1":"post","2":"type-post","3":"status-publish","4":"format-image","5":"has-post-thumbnail","7":"category-actualidad","8":"post_format-post-format-image"},"jetpack_publicize_connections":[],"jetpack_sharing_enabled":true,"jetpack_featured_media_url":"https:\/\/i0.wp.com\/www.masrojo.com.ar\/home\/wp-content\/uploads\/PM.jpg?fit=660%2C385&ssl=1","jetpack_shortlink":"https:\/\/wp.me\/p90W9F-5kv","_links":{"self":[{"href":"https:\/\/www.masrojo.com.ar\/home\/wp-json\/wp\/v2\/posts\/20491"}],"collection":[{"href":"https:\/\/www.masrojo.com.ar\/home\/wp-json\/wp\/v2\/posts"}],"about":[{"href":"https:\/\/www.masrojo.com.ar\/home\/wp-json\/wp\/v2\/types\/post"}],"author":[{"embeddable":true,"href":"https:\/\/www.masrojo.com.ar\/home\/wp-json\/wp\/v2\/users\/6"}],"replies":[{"embeddable":true,"href":"https:\/\/www.masrojo.com.ar\/home\/wp-json\/wp\/v2\/comments?post=20491"}],"version-history":[{"count":0,"href":"https:\/\/www.masrojo.com.ar\/home\/wp-json\/wp\/v2\/posts\/20491\/revisions"}],"wp:featuredmedia":[{"embeddable":true,"href":"https:\/\/www.masrojo.com.ar\/home\/wp-json\/wp\/v2\/media\/14985"}],"wp:attachment":[{"href":"https:\/\/www.masrojo.com.ar\/home\/wp-json\/wp\/v2\/media?parent=20491"}],"wp:term":[{"taxonomy":"category","embeddable":true,"href":"https:\/\/www.masrojo.com.ar\/home\/wp-json\/wp\/v2\/categories?post=20491"},{"taxonomy":"post_tag","embeddable":true,"href":"https:\/\/www.masrojo.com.ar\/home\/wp-json\/wp\/v2\/tags?post=20491"}],"curies":[{"name":"wp","href":"https:\/\/api.w.org\/{rel}","templated":true}]}}