{"id":21619,"date":"2018-11-29T12:56:24","date_gmt":"2018-11-29T15:56:24","guid":{"rendered":"https:\/\/www.masrojo.com.ar\/home\/?p=21619"},"modified":"2018-11-29T12:57:41","modified_gmt":"2018-11-29T15:57:41","slug":"todavia-no-hay-ofertas-hoy-solo-pienso-en-independiente","status":"publish","type":"post","link":"https:\/\/www.masrojo.com.ar\/home\/2018\/11\/29\/todavia-no-hay-ofertas-hoy-solo-pienso-en-independiente\/","title":{"rendered":"\u00abTodav\u00eda no hay ofertas. Hoy solo pienso en Independiente\u00bb"},"content":{"rendered":"<p style=\"text-align: justify;\"><strong>Maximiliano Meza<\/strong> dialog\u00f3 en conferencia de prensa en Villa Dom\u00ednico, luego de finalizar el entrenamiento matutino de d\u00eda.<\/p>\n<p style=\"text-align: justify;\">El volante se refiri\u00f3 a su momento futbol\u00edstico y una posible venta al exterior:<em> \u00abUno siempre busca crecer.<strong> Si es ac\u00e1, bienvenido sea, porque estoy en un lugar incre\u00edble<\/strong>, muy c\u00f3modo, pero tambi\u00e9n hay <strong>necesidades de parte del club y nuestra<\/strong>. Vamos a esperar a que pase fin de a\u00f1o. Analizaremos las ofertas que lleguen, pero<strong> todav\u00eda no hay nada concreto.<\/strong> Ahora pienso en t<strong>erminar de la mejor manera en Independiente\u00bb.<\/strong><\/em><\/p>\n<p style=\"text-align: justify;\"><em>\u00abEl \u00faltimo partido de local tuve la desgracia de irme expulsado.<strong> Tuve una acumulaci\u00f3n de fastidio, pero el insulto no fue dirigido hacia el \u00e1rbitro.<\/strong> Ese d\u00eda estaba con fiebre y v\u00f3mitos, ya ven\u00eda mal. Despu\u00e9s me acerqu\u00e9 y le ped\u00ed disculpas igual por la situaci\u00f3n\u00bb,<\/em> aclar\u00f3 sobre la infracci\u00f3n que lo sancion\u00f3 un partido.<\/p>\n<p style=\"text-align: justify;\">Y complet\u00f3: \u00ab<em>Estoy contento que puedo volver, solamente me dieron una fecha, y pude regresar pronto al equipo. Necesitamos de todos, <strong>que todos estemos al 100%,<\/strong> as\u00ed que yo estoy a disposici\u00f3n\u00bb.<\/em><\/p>\n<p style=\"text-align: justify;\">Luego, el ex Gimnasia hizo un an\u00e1lisis sobre <strong>el cierre de a\u00f1o<\/strong> del equipo:<em> \u00a0\u00abDentro de todo, <strong>el balance fue bueno,<\/strong> a pesar de haber perdido puntos en los momentos claves, y de haber perdido esos partidos importantes. Pero cada vez que pasa un semestre vas a sacar cosas positivas y negativas. Eso nos va hacer crecer en lo que queda del campeonato el a\u00f1o que viene\u00bb.<\/em><\/p>\n<p style=\"text-align: justify;\">Al instante, se refiri\u00f3 al cierre de a\u00f1o pero personal e individual: <em>\u00abCada vez que termina un semestre, siempre se va analizar, tanto en lo personal, como en lo que le sirve al club. Hoy tenemos<strong> jugadores de nivel muy alto, y creo que la necesidad de vender siempre est\u00e1<\/strong>\u00ab.<\/em><\/p>\n<p style=\"text-align: justify;\"><em>\u00abEl otro d\u00eda<strong> desperdiciamos una gran chance de poder acercarnos al puntero<\/strong>. Creo que se vio al <strong>grupo golpeado<\/strong>, porque sab\u00edamos que era una gran chance, pero ahora hay que levantar cabeza, seguir y pensar en nosotros y no tanto en los de arriba\u00bb,<\/em> finaliz\u00f3 una de las figuras del Rojo.<\/p>\n<div style=\"width: 640px;\" class=\"wp-video\"><!--[if lt IE 9]><script>document.createElement('video');<\/script><![endif]-->\n<video class=\"wp-video-shortcode\" id=\"video-21619-1\" width=\"640\" height=\"360\" preload=\"metadata\" controls=\"controls\"><source type=\"video\/mp4\" src=\"https:\/\/www.masrojo.com.ar\/home\/wp-content\/uploads\/WhatsApp-Audio-2018-11-29-at-12.29.16.mp4?_=1\" \/><a href=\"https:\/\/www.masrojo.com.ar\/home\/wp-content\/uploads\/WhatsApp-Audio-2018-11-29-at-12.29.16.mp4\">https:\/\/www.masrojo.com.ar\/home\/wp-content\/uploads\/WhatsApp-Audio-2018-11-29-at-12.29.16.mp4<\/a><\/video><\/div>\n<p>&nbsp;<\/p>\n<div style=\"width: 640px;\" class=\"wp-video\"><video class=\"wp-video-shortcode\" id=\"video-21619-2\" width=\"640\" height=\"360\" preload=\"metadata\" controls=\"controls\"><source type=\"video\/mp4\" src=\"https:\/\/www.masrojo.com.ar\/home\/wp-content\/uploads\/WhatsApp-Audio-2018-11-29-at-12.29.15.mp4?_=2\" \/><a href=\"https:\/\/www.masrojo.com.ar\/home\/wp-content\/uploads\/WhatsApp-Audio-2018-11-29-at-12.29.15.mp4\">https:\/\/www.masrojo.com.ar\/home\/wp-content\/uploads\/WhatsApp-Audio-2018-11-29-at-12.29.15.mp4<\/a><\/video><\/div>\n","protected":false},"excerpt":{"rendered":"<div class=\"mh-excerpt\"><p>Maximiliano Meza dialog\u00f3 en conferencia de prensa en Villa Dom\u00ednico, luego de finalizar el entrenamiento matutino de d\u00eda. El volante se refiri\u00f3 a su momento futbol\u00edstico y una posible venta al exterior: \u00abUno siempre busca <a class=\"mh-excerpt-more\" href=\"https:\/\/www.masrojo.com.ar\/home\/2018\/11\/29\/todavia-no-hay-ofertas-hoy-solo-pienso-en-independiente\/\" title=\"\u00abTodav\u00eda no hay ofertas. Hoy solo pienso en Independiente\u00bb\">[&#8230;]<\/a><\/p>\n<\/div>","protected":false},"author":4,"featured_media":0,"comment_status":"closed","ping_status":"closed","sticky":false,"template":"","format":"audio","meta":{"_jetpack_memberships_contains_paid_content":false,"footnotes":"","jetpack_publicize_message":"#Independiente | \"Todav\u00eda no hay ofertas. Hoy solo pienso en Independiente\"","jetpack_publicize_feature_enabled":true,"jetpack_social_post_already_shared":true,"jetpack_social_options":{"image_generator_settings":{"template":"highway","enabled":false},"version":2}},"categories":[4],"tags":[141,17],"class_list":{"0":"post-21619","1":"post","2":"type-post","3":"status-publish","4":"format-audio","6":"category-actualidad","7":"tag-declaraciones","8":"tag-independiente","9":"post_format-post-format-audio"},"jetpack_publicize_connections":[],"jetpack_sharing_enabled":true,"jetpack_featured_media_url":"","jetpack_shortlink":"https:\/\/wp.me\/p90W9F-5CH","_links":{"self":[{"href":"https:\/\/www.masrojo.com.ar\/home\/wp-json\/wp\/v2\/posts\/21619"}],"collection":[{"href":"https:\/\/www.masrojo.com.ar\/home\/wp-json\/wp\/v2\/posts"}],"about":[{"href":"https:\/\/www.masrojo.com.ar\/home\/wp-json\/wp\/v2\/types\/post"}],"author":[{"embeddable":true,"href":"https:\/\/www.masrojo.com.ar\/home\/wp-json\/wp\/v2\/users\/4"}],"replies":[{"embeddable":true,"href":"https:\/\/www.masrojo.com.ar\/home\/wp-json\/wp\/v2\/comments?post=21619"}],"version-history":[{"count":0,"href":"https:\/\/www.masrojo.com.ar\/home\/wp-json\/wp\/v2\/posts\/21619\/revisions"}],"wp:attachment":[{"href":"https:\/\/www.masrojo.com.ar\/home\/wp-json\/wp\/v2\/media?parent=21619"}],"wp:term":[{"taxonomy":"category","embeddable":true,"href":"https:\/\/www.masrojo.com.ar\/home\/wp-json\/wp\/v2\/categories?post=21619"},{"taxonomy":"post_tag","embeddable":true,"href":"https:\/\/www.masrojo.com.ar\/home\/wp-json\/wp\/v2\/tags?post=21619"}],"curies":[{"name":"wp","href":"https:\/\/api.w.org\/{rel}","templated":true}]}}