{"id":21630,"date":"2018-11-29T13:39:13","date_gmt":"2018-11-29T16:39:13","guid":{"rendered":"https:\/\/www.masrojo.com.ar\/home\/?p=21630"},"modified":"2018-11-29T13:39:13","modified_gmt":"2018-11-29T16:39:13","slug":"todos-juntos-solidarios","status":"publish","type":"post","link":"https:\/\/www.masrojo.com.ar\/home\/2018\/11\/29\/todos-juntos-solidarios\/","title":{"rendered":"TODOS JUNTOS &#8211; SOLIDARIOS"},"content":{"rendered":"<p style=\"text-align: justify;\"><span style=\"font-family: helvetica, arial, sans-serif;\"><em>Independiente presenta\u00a0\u00a0la nueva acci\u00f3n ben\u00e9fica impulsada por los jugadores de Independiente.\u00a0<\/em><\/span><\/p>\n<p style=\"text-align: justify;\"><span style=\"font-family: helvetica, arial, sans-serif;\"><em>El plantel profesional y distintos departamentos y subcomisiones del club organizar\u00e1n recolecciones de alimentos y ropa en los partidos que el Rojo juegue de local, para donar a diferentes instituciones.<\/em><\/span><\/p>\n<p style=\"text-align: justify;\"><span style=\"font-family: helvetica, arial, sans-serif;\"><em><strong>Los jugadores del plantel profesional de Independiente anunciaron que, a partir del pr\u00f3ximo partido que el Rojo juegue de local, impulsar\u00e1n la campa\u00f1a \u201cTodos Juntos &#8211; Solidarios\u201d, con fines ben\u00e9ficos.<\/strong><\/em><\/span><\/p>\n<p style=\"text-align: justify;\"><span style=\"font-family: helvetica, arial, sans-serif;\"><em>A partir de esta campa\u00f1a, los socios e hinchas del club podr\u00e1n donar alimentos no perecederos y ropa en buen estado en diferentes puntos de entrega montados en los distintos accesos del estadio Libertadores de Am\u00e9rica, en la previa de cada partido. Cada donante recibir\u00e1 un n\u00famero, que lo har\u00e1 participar por camisetas que los jugadores utilicen en el mismo partido.<\/em><\/span><\/p>\n<p style=\"text-align: justify;\"><span style=\"font-family: helvetica, arial, sans-serif;\"><em>Esta idea surgi\u00f3 del propio plantel profesional de Independiente, que elegir\u00e1 para cada partido distintas instituciones que recibir\u00e1n las donaciones, como hospitales, comedores, centros sociales y escuelas, entre otros.<\/em><\/span><\/p>\n<p style=\"text-align: justify;\"><span style=\"font-family: helvetica, arial, sans-serif;\"><em>\u201cPara nosotros es un orgullo poder impulsar esta campa\u00f1a solidaria. La idea es que el club pueda donar ropa y alimentos con el aporte y la colaboraci\u00f3n de todos: los jugadores, los socios, los hinchas y las personas que trabajan en el club, todos juntos\u201d, explic\u00f3 Mart\u00edn Campa\u00f1a, capit\u00e1n del plantel profesional de Independiente.<\/em><\/span><\/p>\n<p style=\"text-align: justify;\"><span style=\"font-family: helvetica, arial, sans-serif;\"><em><strong>Todos Juntos \u2013 Solidarios\u201d tendr\u00e1 su puntapi\u00e9 inicial el pr\u00f3ximo 2 de diciembre,\u00a0<\/strong>en ocasi\u00f3n del partido Independiente vs. Boca, por la Superliga, con donaci\u00f3n de alimentos no perecederos. Las ubicaciones de los puntos de entrega y la primera instituci\u00f3n elegida para recibir las donaciones ser\u00e1n comunicadas a trav\u00e9s de las redes sociales oficiales del club.<\/em><\/span><\/p>\n","protected":false},"excerpt":{"rendered":"<div class=\"mh-excerpt\"><p>Independiente presenta\u00a0\u00a0la nueva acci\u00f3n ben\u00e9fica impulsada por los jugadores de Independiente.\u00a0 El plantel profesional y distintos departamentos y subcomisiones del club organizar\u00e1n recolecciones de alimentos y ropa en los partidos que el Rojo juegue de <a class=\"mh-excerpt-more\" href=\"https:\/\/www.masrojo.com.ar\/home\/2018\/11\/29\/todos-juntos-solidarios\/\" title=\"TODOS JUNTOS &#8211; SOLIDARIOS\">[&#8230;]<\/a><\/p>\n<\/div>","protected":false},"author":6,"featured_media":0,"comment_status":"closed","ping_status":"closed","sticky":false,"template":"","format":"image","meta":{"_jetpack_memberships_contains_paid_content":false,"footnotes":"","jetpack_publicize_message":"","jetpack_publicize_feature_enabled":true,"jetpack_social_post_already_shared":true,"jetpack_social_options":{"image_generator_settings":{"template":"highway","enabled":false},"version":2}},"categories":[4,8],"tags":[],"class_list":{"0":"post-21630","1":"post","2":"type-post","3":"status-publish","4":"format-image","6":"category-actualidad","7":"category-institucionales","8":"post_format-post-format-image"},"jetpack_publicize_connections":[],"jetpack_sharing_enabled":true,"jetpack_featured_media_url":"","jetpack_shortlink":"https:\/\/wp.me\/p90W9F-5CS","_links":{"self":[{"href":"https:\/\/www.masrojo.com.ar\/home\/wp-json\/wp\/v2\/posts\/21630"}],"collection":[{"href":"https:\/\/www.masrojo.com.ar\/home\/wp-json\/wp\/v2\/posts"}],"about":[{"href":"https:\/\/www.masrojo.com.ar\/home\/wp-json\/wp\/v2\/types\/post"}],"author":[{"embeddable":true,"href":"https:\/\/www.masrojo.com.ar\/home\/wp-json\/wp\/v2\/users\/6"}],"replies":[{"embeddable":true,"href":"https:\/\/www.masrojo.com.ar\/home\/wp-json\/wp\/v2\/comments?post=21630"}],"version-history":[{"count":0,"href":"https:\/\/www.masrojo.com.ar\/home\/wp-json\/wp\/v2\/posts\/21630\/revisions"}],"wp:attachment":[{"href":"https:\/\/www.masrojo.com.ar\/home\/wp-json\/wp\/v2\/media?parent=21630"}],"wp:term":[{"taxonomy":"category","embeddable":true,"href":"https:\/\/www.masrojo.com.ar\/home\/wp-json\/wp\/v2\/categories?post=21630"},{"taxonomy":"post_tag","embeddable":true,"href":"https:\/\/www.masrojo.com.ar\/home\/wp-json\/wp\/v2\/tags?post=21630"}],"curies":[{"name":"wp","href":"https:\/\/api.w.org\/{rel}","templated":true}]}}