{"id":21646,"date":"2018-11-30T15:46:07","date_gmt":"2018-11-30T18:46:07","guid":{"rendered":"https:\/\/www.masrojo.com.ar\/home\/?p=21646"},"modified":"2018-11-30T15:46:07","modified_gmt":"2018-11-30T18:46:07","slug":"anteultima-practica-2","status":"publish","type":"post","link":"https:\/\/www.masrojo.com.ar\/home\/2018\/11\/30\/anteultima-practica-2\/","title":{"rendered":"Ante\u00faltima pr\u00e1ctica"},"content":{"rendered":"<p style=\"text-align: justify;\">El plantel profesional de Independiente se present\u00f3 esta ma\u00f1ana en el Predio Santo Domingo para llevar a cabo el ante\u00faltimo entrenamiento previo al choque con Boca del domingo.<\/p>\n<p>Los jugadores realizaron en la pr\u00e1ctica principalmente<strong> trabajos t\u00e1cticos, definici\u00f3n<\/strong> y ensayaron l<strong>a pelota parada.<\/strong><\/p>\n<p style=\"text-align: justify;\">En cuanto a los diferenciados, <strong>Leandro Fern\u00e1ndez<\/strong> hizo trabajos en el campo. Est\u00e1 muy cerca de completar, luego de mucho tiempo, un entrenamiento completo con sus compa\u00f1eros.<\/p>\n<p>Tanto <strong>Alan Franco<\/strong> como <strong>Gonzalo Rehak<\/strong> realizaron trabajos apartados nuevamente.<\/p>\n<p>En Kinesiolog\u00eda ejercit\u00f3 el uruguayo <strong>Carlos Benavidez.<\/strong><\/p>\n<p style=\"text-align: justify;\"><strong>Mauro Molina y Sergio Barreto,<\/strong> elegidos en la delegaci\u00f3n para el Torneo <strong>Ipiranga<\/strong> de la Reserva, viajar\u00e1n ma\u00f1ana a Brasil.<\/p>\n<p style=\"text-align: justify;\">\u00a0El equipo volver\u00e1 a entrenarse ma\u00f1ana, desde las 9.30, nuevamente y a puertas cerradas en Villa Dom\u00ednico. Luego, quedar\u00e1n concentrados en el\u00a0hotel Scala de cara al partido ante Boca Juniors.<\/p>\n","protected":false},"excerpt":{"rendered":"<div class=\"mh-excerpt\"><p>El plantel profesional de Independiente se present\u00f3 esta ma\u00f1ana en el Predio Santo Domingo para llevar a cabo el ante\u00faltimo entrenamiento previo al choque con Boca del domingo. Los jugadores realizaron en la pr\u00e1ctica principalmente <a class=\"mh-excerpt-more\" href=\"https:\/\/www.masrojo.com.ar\/home\/2018\/11\/30\/anteultima-practica-2\/\" title=\"Ante\u00faltima pr\u00e1ctica\">[&#8230;]<\/a><\/p>\n<\/div>","protected":false},"author":4,"featured_media":0,"comment_status":"closed","ping_status":"closed","sticky":false,"template":"","format":"image","meta":{"_jetpack_memberships_contains_paid_content":false,"footnotes":"","jetpack_publicize_message":"#Independiente | Ante\u00faltima pr\u00e1ctica","jetpack_publicize_feature_enabled":true,"jetpack_social_post_already_shared":true,"jetpack_social_options":{"image_generator_settings":{"template":"highway","enabled":false},"version":2}},"categories":[4],"tags":[27,17,47],"class_list":{"0":"post-21646","1":"post","2":"type-post","3":"status-publish","4":"format-image","6":"category-actualidad","7":"tag-entrenamiento","8":"tag-independiente","9":"tag-villa-dominico","10":"post_format-post-format-image"},"jetpack_publicize_connections":[],"jetpack_sharing_enabled":true,"jetpack_featured_media_url":"","jetpack_shortlink":"https:\/\/wp.me\/p90W9F-5D8","_links":{"self":[{"href":"https:\/\/www.masrojo.com.ar\/home\/wp-json\/wp\/v2\/posts\/21646"}],"collection":[{"href":"https:\/\/www.masrojo.com.ar\/home\/wp-json\/wp\/v2\/posts"}],"about":[{"href":"https:\/\/www.masrojo.com.ar\/home\/wp-json\/wp\/v2\/types\/post"}],"author":[{"embeddable":true,"href":"https:\/\/www.masrojo.com.ar\/home\/wp-json\/wp\/v2\/users\/4"}],"replies":[{"embeddable":true,"href":"https:\/\/www.masrojo.com.ar\/home\/wp-json\/wp\/v2\/comments?post=21646"}],"version-history":[{"count":0,"href":"https:\/\/www.masrojo.com.ar\/home\/wp-json\/wp\/v2\/posts\/21646\/revisions"}],"wp:attachment":[{"href":"https:\/\/www.masrojo.com.ar\/home\/wp-json\/wp\/v2\/media?parent=21646"}],"wp:term":[{"taxonomy":"category","embeddable":true,"href":"https:\/\/www.masrojo.com.ar\/home\/wp-json\/wp\/v2\/categories?post=21646"},{"taxonomy":"post_tag","embeddable":true,"href":"https:\/\/www.masrojo.com.ar\/home\/wp-json\/wp\/v2\/tags?post=21646"}],"curies":[{"name":"wp","href":"https:\/\/api.w.org\/{rel}","templated":true}]}}