{"id":21694,"date":"2018-12-01T13:53:34","date_gmt":"2018-12-01T16:53:34","guid":{"rendered":"https:\/\/www.masrojo.com.ar\/home\/?p=21694"},"modified":"2018-12-01T13:53:34","modified_gmt":"2018-12-01T16:53:34","slug":"los-pibes-viajan-a-brasil","status":"publish","type":"post","link":"https:\/\/www.masrojo.com.ar\/home\/2018\/12\/01\/los-pibes-viajan-a-brasil\/","title":{"rendered":"Los pibes viajan a Brasil"},"content":{"rendered":"<p style=\"text-align: justify;\"><strong>Los futbolistas designados por Fernando Ber\u00f3n partieron a tierras brasile\u00f1as para representar a la instituci\u00f3n en la copa Ipiranga Sub-20 de f\u00fatbol. El lunes tendr\u00e1n su primer partido correspondiente al grupo B.<\/strong><\/p>\n<p style=\"text-align: justify;\">Desde Villa Dom\u00ednico y con toda la delegaci\u00f3n preparada, los juveniles de Independiente y el cuerpo t\u00e9cnico, comandado por Ber\u00f3n, partieron al pa\u00eds lim\u00edtrofe como invitado a la Copa Ipiranga, un torneo internacional que tendr\u00e1 a River, Racing y el \u00abrey de copas\u00bb como invitados.<\/p>\n<p><img data-recalc-dims=\"1\" loading=\"lazy\" decoding=\"async\" class=\"alignnone size-medium wp-image-21695\" src=\"https:\/\/i0.wp.com\/www.masrojo.com.ar\/home\/wp-content\/uploads\/DtGXxbwXgAEj7ys-300x162.jpg?resize=300%2C162&#038;ssl=1\" alt=\"\" width=\"300\" height=\"162\" \/><\/p>\n<p style=\"text-align: justify;\">Independiente comenzar\u00e1 su participaci\u00f3n el lunes, ante Nacional de Uruguay en el Estadio de la Universidad Cat\u00f3lica Pont\u00edfica de R\u00edo de Janeiro. Luego, el mi\u00e9rcoles se medir\u00e1n ante Cruzeiro y terminar\u00e1n la fase de grupos ante Flamengo el viernes 7, todos en el mismo lugar.<\/p>\n","protected":false},"excerpt":{"rendered":"<div class=\"mh-excerpt\"><p>Los futbolistas designados por Fernando Ber\u00f3n partieron a tierras brasile\u00f1as para representar a la instituci\u00f3n en la copa Ipiranga Sub-20 de f\u00fatbol. El lunes tendr\u00e1n su primer partido correspondiente al grupo B. Desde Villa Dom\u00ednico <a class=\"mh-excerpt-more\" href=\"https:\/\/www.masrojo.com.ar\/home\/2018\/12\/01\/los-pibes-viajan-a-brasil\/\" title=\"Los pibes viajan a Brasil\">[&#8230;]<\/a><\/p>\n<\/div>","protected":false},"author":2,"featured_media":0,"comment_status":"closed","ping_status":"closed","sticky":false,"template":"","format":"image","meta":{"_jetpack_memberships_contains_paid_content":false,"footnotes":"","jetpack_publicize_message":"","jetpack_publicize_feature_enabled":true,"jetpack_social_post_already_shared":true,"jetpack_social_options":{"image_generator_settings":{"template":"highway","enabled":false},"version":2}},"categories":[4,6],"tags":[62,17,61],"class_list":{"0":"post-21694","1":"post","2":"type-post","3":"status-publish","4":"format-image","6":"category-actualidad","7":"category-reserva","8":"tag-beron","9":"tag-independiente","10":"tag-reserva","11":"post_format-post-format-image"},"jetpack_publicize_connections":[],"jetpack_sharing_enabled":true,"jetpack_featured_media_url":"","jetpack_shortlink":"https:\/\/wp.me\/p90W9F-5DU","_links":{"self":[{"href":"https:\/\/www.masrojo.com.ar\/home\/wp-json\/wp\/v2\/posts\/21694"}],"collection":[{"href":"https:\/\/www.masrojo.com.ar\/home\/wp-json\/wp\/v2\/posts"}],"about":[{"href":"https:\/\/www.masrojo.com.ar\/home\/wp-json\/wp\/v2\/types\/post"}],"author":[{"embeddable":true,"href":"https:\/\/www.masrojo.com.ar\/home\/wp-json\/wp\/v2\/users\/2"}],"replies":[{"embeddable":true,"href":"https:\/\/www.masrojo.com.ar\/home\/wp-json\/wp\/v2\/comments?post=21694"}],"version-history":[{"count":0,"href":"https:\/\/www.masrojo.com.ar\/home\/wp-json\/wp\/v2\/posts\/21694\/revisions"}],"wp:attachment":[{"href":"https:\/\/www.masrojo.com.ar\/home\/wp-json\/wp\/v2\/media?parent=21694"}],"wp:term":[{"taxonomy":"category","embeddable":true,"href":"https:\/\/www.masrojo.com.ar\/home\/wp-json\/wp\/v2\/categories?post=21694"},{"taxonomy":"post_tag","embeddable":true,"href":"https:\/\/www.masrojo.com.ar\/home\/wp-json\/wp\/v2\/tags?post=21694"}],"curies":[{"name":"wp","href":"https:\/\/api.w.org\/{rel}","templated":true}]}}