{"id":22321,"date":"2018-12-18T08:48:30","date_gmt":"2018-12-18T11:48:30","guid":{"rendered":"https:\/\/www.masrojo.com.ar\/home\/?p=22321"},"modified":"2018-12-18T08:48:30","modified_gmt":"2018-12-18T11:48:30","slug":"diaz-en-la-mira","status":"publish","type":"post","link":"https:\/\/www.masrojo.com.ar\/home\/2018\/12\/18\/diaz-en-la-mira\/","title":{"rendered":"Diaz en la mira"},"content":{"rendered":"<p style=\"text-align: justify;\">El entrenador de Independiente Ariel Holan entreg\u00f3 una lista de refuerzos y aparece el primer inter\u00e9s:\u00a0<strong>uno de los nombres apuntados es el de Luis D\u00edaz de Junior de Barranquilla.<\/strong><\/p>\n<p style=\"text-align: justify;\">Es mediocampista ofensivo de 21 a\u00f1os, actualmente en el elenco que se consagr\u00f3 campe\u00f3n del torneo colombiano el pasado domingo.\u00a0Durante el transcurso del a\u00f1o se transform\u00f3 en una pieza crucial para su equipo<strong>.\u00a0<\/strong>Entre el liga, la copa de su pa\u00eds y la Sudamericana grit\u00f3 16 goles en los 49 partidos que disput\u00f3. Tambi\u00e9n ostenta ocho asistencias<strong>.<\/strong><\/p>\n<p style=\"text-align: justify;\">\u00a0Los dirigentes a\u00fan no realizaron ofertas, pero empezaron a sondear el mercado, a dialogar con representantes y averiguar los valores de los jugadores que integran la lista de posibles incorporaciones que redact\u00f3 el t\u00e9cnico y a la que s\u00f3lo tuvieron acceso tres personas: Hugo y Pablo Moyano y el secretario deportivo del club, H\u00e9ctor Maldonado.<\/p>\n","protected":false},"excerpt":{"rendered":"<div class=\"mh-excerpt\"><p>El entrenador de Independiente Ariel Holan entreg\u00f3 una lista de refuerzos y aparece el primer inter\u00e9s:\u00a0uno de los nombres apuntados es el de Luis D\u00edaz de Junior de Barranquilla. Es mediocampista ofensivo de 21 a\u00f1os, <a class=\"mh-excerpt-more\" href=\"https:\/\/www.masrojo.com.ar\/home\/2018\/12\/18\/diaz-en-la-mira\/\" title=\"Diaz en la mira\">[&#8230;]<\/a><\/p>\n<\/div>","protected":false},"author":6,"featured_media":0,"comment_status":"closed","ping_status":"closed","sticky":false,"template":"","format":"image","meta":{"_jetpack_memberships_contains_paid_content":false,"footnotes":"","jetpack_publicize_message":"","jetpack_publicize_feature_enabled":true,"jetpack_social_post_already_shared":true,"jetpack_social_options":{"image_generator_settings":{"template":"highway","enabled":false},"version":2}},"categories":[4],"tags":[19],"class_list":{"0":"post-22321","1":"post","2":"type-post","3":"status-publish","4":"format-image","6":"category-actualidad","7":"tag-mercado-de-pases","8":"post_format-post-format-image"},"jetpack_publicize_connections":[],"jetpack_sharing_enabled":true,"jetpack_featured_media_url":"","jetpack_shortlink":"https:\/\/wp.me\/p90W9F-5O1","_links":{"self":[{"href":"https:\/\/www.masrojo.com.ar\/home\/wp-json\/wp\/v2\/posts\/22321"}],"collection":[{"href":"https:\/\/www.masrojo.com.ar\/home\/wp-json\/wp\/v2\/posts"}],"about":[{"href":"https:\/\/www.masrojo.com.ar\/home\/wp-json\/wp\/v2\/types\/post"}],"author":[{"embeddable":true,"href":"https:\/\/www.masrojo.com.ar\/home\/wp-json\/wp\/v2\/users\/6"}],"replies":[{"embeddable":true,"href":"https:\/\/www.masrojo.com.ar\/home\/wp-json\/wp\/v2\/comments?post=22321"}],"version-history":[{"count":0,"href":"https:\/\/www.masrojo.com.ar\/home\/wp-json\/wp\/v2\/posts\/22321\/revisions"}],"wp:attachment":[{"href":"https:\/\/www.masrojo.com.ar\/home\/wp-json\/wp\/v2\/media?parent=22321"}],"wp:term":[{"taxonomy":"category","embeddable":true,"href":"https:\/\/www.masrojo.com.ar\/home\/wp-json\/wp\/v2\/categories?post=22321"},{"taxonomy":"post_tag","embeddable":true,"href":"https:\/\/www.masrojo.com.ar\/home\/wp-json\/wp\/v2\/tags?post=22321"}],"curies":[{"name":"wp","href":"https:\/\/api.w.org\/{rel}","templated":true}]}}