{"id":22423,"date":"2018-12-21T23:32:55","date_gmt":"2018-12-22T02:32:55","guid":{"rendered":"https:\/\/www.masrojo.com.ar\/home\/?p=22423"},"modified":"2018-12-21T23:32:55","modified_gmt":"2018-12-22T02:32:55","slug":"final-vasco","status":"publish","type":"post","link":"https:\/\/www.masrojo.com.ar\/home\/2018\/12\/21\/final-vasco\/","title":{"rendered":"Final Vasco"},"content":{"rendered":"<p style=\"text-align: justify;\"><strong>Independiente y Fernando Amorebieta rescindieron <\/strong>de com\u00fan acuerdo\u00a0esta tarde el v\u00ednculo que los un\u00eda.<\/p>\n<p style=\"text-align: justify;\">A Amorebieta le quedaban 6 meses m\u00e1s en Independiente. En el final de \u00e9sta historia, el <strong>Vasco se ira con el pase en su poder<\/strong> (posiblemente el viejo continente) al dejar de ser jugador del Rey de Copas.<\/p>\n<p style=\"text-align: justify;\">En su paso por el Rojo disput\u00f3 la final ante Flamengo y <strong>se coron\u00f3 con dos titulos:<\/strong> la Copa Sudamericana 2017 (el primero en su carrera) y la Suruga Bank (forma parte del plantel a pesar de ser apartado del mismo).<\/p>\n","protected":false},"excerpt":{"rendered":"<div class=\"mh-excerpt\"><p>Independiente y Fernando Amorebieta rescindieron de com\u00fan acuerdo\u00a0esta tarde el v\u00ednculo que los un\u00eda. A Amorebieta le quedaban 6 meses m\u00e1s en Independiente. En el final de \u00e9sta historia, el Vasco se ira con el <a class=\"mh-excerpt-more\" href=\"https:\/\/www.masrojo.com.ar\/home\/2018\/12\/21\/final-vasco\/\" title=\"Final Vasco\">[&#8230;]<\/a><\/p>\n<\/div>","protected":false},"author":4,"featured_media":0,"comment_status":"closed","ping_status":"closed","sticky":false,"template":"","format":"image","meta":{"_jetpack_memberships_contains_paid_content":false,"footnotes":"","jetpack_publicize_message":"#Independiente Final Vasco","jetpack_publicize_feature_enabled":true,"jetpack_social_post_already_shared":true,"jetpack_social_options":{"image_generator_settings":{"template":"highway","enabled":false},"version":2}},"categories":[4],"tags":[85,17,19],"class_list":{"0":"post-22423","1":"post","2":"type-post","3":"status-publish","4":"format-image","6":"category-actualidad","7":"tag-amorebieta","8":"tag-independiente","9":"tag-mercado-de-pases","10":"post_format-post-format-image"},"jetpack_publicize_connections":[],"jetpack_sharing_enabled":true,"jetpack_featured_media_url":"","jetpack_shortlink":"https:\/\/wp.me\/p90W9F-5PF","_links":{"self":[{"href":"https:\/\/www.masrojo.com.ar\/home\/wp-json\/wp\/v2\/posts\/22423"}],"collection":[{"href":"https:\/\/www.masrojo.com.ar\/home\/wp-json\/wp\/v2\/posts"}],"about":[{"href":"https:\/\/www.masrojo.com.ar\/home\/wp-json\/wp\/v2\/types\/post"}],"author":[{"embeddable":true,"href":"https:\/\/www.masrojo.com.ar\/home\/wp-json\/wp\/v2\/users\/4"}],"replies":[{"embeddable":true,"href":"https:\/\/www.masrojo.com.ar\/home\/wp-json\/wp\/v2\/comments?post=22423"}],"version-history":[{"count":0,"href":"https:\/\/www.masrojo.com.ar\/home\/wp-json\/wp\/v2\/posts\/22423\/revisions"}],"wp:attachment":[{"href":"https:\/\/www.masrojo.com.ar\/home\/wp-json\/wp\/v2\/media?parent=22423"}],"wp:term":[{"taxonomy":"category","embeddable":true,"href":"https:\/\/www.masrojo.com.ar\/home\/wp-json\/wp\/v2\/categories?post=22423"},{"taxonomy":"post_tag","embeddable":true,"href":"https:\/\/www.masrojo.com.ar\/home\/wp-json\/wp\/v2\/tags?post=22423"}],"curies":[{"name":"wp","href":"https:\/\/api.w.org\/{rel}","templated":true}]}}