{"id":23754,"date":"2019-01-26T12:34:46","date_gmt":"2019-01-26T15:34:46","guid":{"rendered":"https:\/\/www.masrojo.com.ar\/home\/?p=23754"},"modified":"2019-01-26T12:34:46","modified_gmt":"2019-01-26T15:34:46","slug":"una-lastima-que-se-nos-escapo-al-final","status":"publish","type":"post","link":"https:\/\/www.masrojo.com.ar\/home\/2019\/01\/26\/una-lastima-que-se-nos-escapo-al-final\/","title":{"rendered":"\u00abUna l\u00e1stima que se nos escap\u00f3 al final\u00bb"},"content":{"rendered":"<p>Fernando Ch\u00e1vez, volante central de la reserva, habl\u00f3 con MASROJO luego de la derrota ante Talleres.<\/p>\n<p>\u00abUna l\u00e1stima, se nos es escap\u00f3 en el final. En el segundo tiempo nos pudimos acomodar, y tuvimos m\u00e1s chances\u00bb, afirm\u00f3.<\/p>\n<p>\u00abEl a\u00f1o que empieza nos tenemos que adaptar a la nueva idea de juego del cuerpo t\u00e9cnico, fue un comienzo dif\u00edcil ante el bicampe\u00f3n de la reserva\u00bb dijo el 5 del Rojo.<\/p>\n<p>Y cont\u00f3 que \u00abLa pretemporada fue muy dura e intensa pero es lo que nos llevar\u00e1 a hacer un buen torneo y mantener el ritmo de los partidos, esperamos poder sumar el pr\u00f3ximo partido\u00bb<\/p>\n<!--[if lt IE 9]><script>document.createElement('audio');<\/script><![endif]-->\n<audio class=\"wp-audio-shortcode\" id=\"audio-23754-1\" preload=\"none\" style=\"width: 100%;\" controls=\"controls\"><source type=\"audio\/ogg\" src=\"https:\/\/www.masrojo.com.ar\/home\/wp-content\/uploads\/WhatsApp-Audio-2019-01-26-at-11.58.38.ogg?_=1\" \/><a href=\"https:\/\/www.masrojo.com.ar\/home\/wp-content\/uploads\/WhatsApp-Audio-2019-01-26-at-11.58.38.ogg\">https:\/\/www.masrojo.com.ar\/home\/wp-content\/uploads\/WhatsApp-Audio-2019-01-26-at-11.58.38.ogg<\/a><\/audio>\n<p>&nbsp;<\/p>\n<p><img data-recalc-dims=\"1\" loading=\"lazy\" decoding=\"async\" class=\" wp-image-199 aligncenter\" src=\"https:\/\/i0.wp.com\/www.masrojo.com.ar\/home\/wp-content\/uploads\/2017\/06\/puentes-montajes2.gif?resize=386%2C337&#038;ssl=1\" alt=\"\" width=\"386\" height=\"337\" \/><\/p>\n","protected":false},"excerpt":{"rendered":"<div class=\"mh-excerpt\"><p>Fernando Ch\u00e1vez, volante central de la reserva, habl\u00f3 con MASROJO luego de la derrota ante Talleres. \u00abUna l\u00e1stima, se nos es escap\u00f3 en el final. En el segundo tiempo nos pudimos acomodar, y tuvimos m\u00e1s <a class=\"mh-excerpt-more\" href=\"https:\/\/www.masrojo.com.ar\/home\/2019\/01\/26\/una-lastima-que-se-nos-escapo-al-final\/\" title=\"\u00abUna l\u00e1stima que se nos escap\u00f3 al final\u00bb\">[&#8230;]<\/a><\/p>\n<\/div>","protected":false},"author":2,"featured_media":0,"comment_status":"closed","ping_status":"closed","sticky":false,"template":"","format":"audio","meta":{"_jetpack_memberships_contains_paid_content":false,"footnotes":"","jetpack_publicize_message":"","jetpack_publicize_feature_enabled":true,"jetpack_social_post_already_shared":true,"jetpack_social_options":{"image_generator_settings":{"template":"highway","enabled":false},"version":2}},"categories":[6],"tags":[],"class_list":{"0":"post-23754","1":"post","2":"type-post","3":"status-publish","4":"format-audio","6":"category-reserva","7":"post_format-post-format-audio"},"jetpack_publicize_connections":[],"jetpack_sharing_enabled":true,"jetpack_featured_media_url":"","jetpack_shortlink":"https:\/\/wp.me\/p90W9F-6b8","_links":{"self":[{"href":"https:\/\/www.masrojo.com.ar\/home\/wp-json\/wp\/v2\/posts\/23754"}],"collection":[{"href":"https:\/\/www.masrojo.com.ar\/home\/wp-json\/wp\/v2\/posts"}],"about":[{"href":"https:\/\/www.masrojo.com.ar\/home\/wp-json\/wp\/v2\/types\/post"}],"author":[{"embeddable":true,"href":"https:\/\/www.masrojo.com.ar\/home\/wp-json\/wp\/v2\/users\/2"}],"replies":[{"embeddable":true,"href":"https:\/\/www.masrojo.com.ar\/home\/wp-json\/wp\/v2\/comments?post=23754"}],"version-history":[{"count":0,"href":"https:\/\/www.masrojo.com.ar\/home\/wp-json\/wp\/v2\/posts\/23754\/revisions"}],"wp:attachment":[{"href":"https:\/\/www.masrojo.com.ar\/home\/wp-json\/wp\/v2\/media?parent=23754"}],"wp:term":[{"taxonomy":"category","embeddable":true,"href":"https:\/\/www.masrojo.com.ar\/home\/wp-json\/wp\/v2\/categories?post=23754"},{"taxonomy":"post_tag","embeddable":true,"href":"https:\/\/www.masrojo.com.ar\/home\/wp-json\/wp\/v2\/tags?post=23754"}],"curies":[{"name":"wp","href":"https:\/\/api.w.org\/{rel}","templated":true}]}}