{"id":23762,"date":"2019-01-26T12:40:39","date_gmt":"2019-01-26T15:40:39","guid":{"rendered":"https:\/\/www.masrojo.com.ar\/home\/?p=23762"},"modified":"2019-01-26T12:40:39","modified_gmt":"2019-01-26T15:40:39","slug":"concentrados-ante-talleres","status":"publish","type":"post","link":"https:\/\/www.masrojo.com.ar\/home\/2019\/01\/26\/concentrados-ante-talleres\/","title":{"rendered":"CONCENTRADOS ANTE TALLERES"},"content":{"rendered":"<p>Estos son los jugadores convocados por Ariel Holan para recibir a Talleres \u00e9ste domingo a partir de las 17.10.<\/p>\n<p>&nbsp;<\/p>\n<p>As\u00ed podr\u00eda formar <b><strong>Independiente<\/strong><\/b>: Campa\u00f1a; Bustos, Franco, Br\u00edtez o Burdisso, Silva; P\u00e9rez, Domingo o Silva, Hern\u00e1ndez; Ben\u00edtez, S. Romero y Cerutti.<\/p>\n<p>Los 20 concentrados:<\/p>\n<p><strong>ARQUEROS:<\/strong>\u00a0Milton \u00c1lvarez, Mart\u00edn Campa\u00f1a.<\/p>\n<p><strong>DEFENSORES:<\/strong>\u00a0Alan Franco, Guillermo Burdisso, Juan S\u00e1nchez Mi\u00f1o, Fabricio Bustos, Gast\u00f3n Silva, Emanuel Br\u00edtez.<\/p>\n<p><strong>VOLANTES:<\/strong>\u00a0Nicol\u00e1s Domingo, Pablo Perez, Fernando Gaibor, Pablo Hern\u00e1ndez, Francisco Silva.<\/p>\n<p><strong>DELANTEROS:<\/strong>\u00a0Mart\u00edn Ben\u00edtez, Braian Romero, Silvio Romero, Mauro Molina, Ezequiel Cerutti, Francisco Pizzini, Gonzalo Ver\u00f3n.<\/p>\n<p>&nbsp;<\/p>\n","protected":false},"excerpt":{"rendered":"<div class=\"mh-excerpt\"><p>Estos son los jugadores convocados por Ariel Holan para recibir a Talleres \u00e9ste domingo a partir de las 17.10. &nbsp; As\u00ed podr\u00eda formar Independiente: Campa\u00f1a; Bustos, Franco, Br\u00edtez o Burdisso, Silva; P\u00e9rez, Domingo o Silva, <a class=\"mh-excerpt-more\" href=\"https:\/\/www.masrojo.com.ar\/home\/2019\/01\/26\/concentrados-ante-talleres\/\" title=\"CONCENTRADOS ANTE TALLERES\">[&#8230;]<\/a><\/p>\n<\/div>","protected":false},"author":2,"featured_media":0,"comment_status":"closed","ping_status":"closed","sticky":false,"template":"","format":"image","meta":{"_jetpack_memberships_contains_paid_content":false,"footnotes":"","jetpack_publicize_message":"","jetpack_publicize_feature_enabled":true,"jetpack_social_post_already_shared":true,"jetpack_social_options":{"image_generator_settings":{"template":"highway","enabled":false},"version":2}},"categories":[4],"tags":[],"class_list":{"0":"post-23762","1":"post","2":"type-post","3":"status-publish","4":"format-image","6":"category-actualidad","7":"post_format-post-format-image"},"jetpack_publicize_connections":[],"jetpack_sharing_enabled":true,"jetpack_featured_media_url":"","jetpack_shortlink":"https:\/\/wp.me\/p90W9F-6bg","_links":{"self":[{"href":"https:\/\/www.masrojo.com.ar\/home\/wp-json\/wp\/v2\/posts\/23762"}],"collection":[{"href":"https:\/\/www.masrojo.com.ar\/home\/wp-json\/wp\/v2\/posts"}],"about":[{"href":"https:\/\/www.masrojo.com.ar\/home\/wp-json\/wp\/v2\/types\/post"}],"author":[{"embeddable":true,"href":"https:\/\/www.masrojo.com.ar\/home\/wp-json\/wp\/v2\/users\/2"}],"replies":[{"embeddable":true,"href":"https:\/\/www.masrojo.com.ar\/home\/wp-json\/wp\/v2\/comments?post=23762"}],"version-history":[{"count":0,"href":"https:\/\/www.masrojo.com.ar\/home\/wp-json\/wp\/v2\/posts\/23762\/revisions"}],"wp:attachment":[{"href":"https:\/\/www.masrojo.com.ar\/home\/wp-json\/wp\/v2\/media?parent=23762"}],"wp:term":[{"taxonomy":"category","embeddable":true,"href":"https:\/\/www.masrojo.com.ar\/home\/wp-json\/wp\/v2\/categories?post=23762"},{"taxonomy":"post_tag","embeddable":true,"href":"https:\/\/www.masrojo.com.ar\/home\/wp-json\/wp\/v2\/tags?post=23762"}],"curies":[{"name":"wp","href":"https:\/\/api.w.org\/{rel}","templated":true}]}}