{"id":23770,"date":"2019-01-26T12:50:29","date_gmt":"2019-01-26T15:50:29","guid":{"rendered":"https:\/\/www.masrojo.com.ar\/home\/?p=23770"},"modified":"2019-01-26T12:50:29","modified_gmt":"2019-01-26T15:50:29","slug":"volvio-y-se-queda","status":"publish","type":"post","link":"https:\/\/www.masrojo.com.ar\/home\/2019\/01\/26\/volvio-y-se-queda\/","title":{"rendered":"VOLVI\u00d3 Y SE QUEDA"},"content":{"rendered":"<p style=\"text-align: justify;\"><span style=\"font-family: helvetica, arial, sans-serif;\"><em>Jonathan Menendez, quien interrumpi\u00f3 su pr\u00e9stamo en Qatar, ya esta en Argentina. <\/em><\/span><\/p>\n<p style=\"text-align: justify;\"><span style=\"font-family: helvetica, arial, sans-serif;\"><em>El futbolista solo se ir\u00e1 nuevamente de Independiente de querer ser comprado por alg\u00fan club del f\u00fatbol local o cercano, sino Ariel Holan, lo pondr\u00e1 a punto y lo utilizar\u00e1 como opci\u00f3n para el equipo.<\/em><\/span><\/p>\n<p style=\"text-align: justify;\"><span style=\"font-family: helvetica, arial, sans-serif;\"><em>El entrenador de Independiente Ariel Holan as\u00ed lo manifest\u00f3 en la conferencia de prensa afirm\u00f3 que <strong>\u00abLa idea es que se quede, porque Independiente ha realizado una inversi\u00f3n que en parte se ha recuperado con \u00e9ste pr\u00e9stamo del cual vuelve. Queremos ver como est\u00e1 y poder recuperarlo porque ha tenido unas lesiones y as\u00ed poder tenerlo con el grupo\u00bb<\/strong><\/em><\/span><\/p>\n<p style=\"text-align: justify;\"><span style=\"font-family: helvetica, arial, sans-serif;\"><em>El futbolista ya est\u00e1 en el pa\u00eds y se reintegrar\u00e1 a los entrenamientos la pr\u00f3xima semana en Villa Dom\u00ednico.<\/em><\/span><\/p>\n","protected":false},"excerpt":{"rendered":"<div class=\"mh-excerpt\"><p>Jonathan Menendez, quien interrumpi\u00f3 su pr\u00e9stamo en Qatar, ya esta en Argentina. El futbolista solo se ir\u00e1 nuevamente de Independiente de querer ser comprado por alg\u00fan club del f\u00fatbol local o cercano, sino Ariel Holan, <a class=\"mh-excerpt-more\" href=\"https:\/\/www.masrojo.com.ar\/home\/2019\/01\/26\/volvio-y-se-queda\/\" title=\"VOLVI\u00d3 Y SE QUEDA\">[&#8230;]<\/a><\/p>\n<\/div>","protected":false},"author":2,"featured_media":0,"comment_status":"closed","ping_status":"closed","sticky":false,"template":"","format":"image","meta":{"_jetpack_memberships_contains_paid_content":false,"footnotes":"","jetpack_publicize_message":"","jetpack_publicize_feature_enabled":true,"jetpack_social_post_already_shared":true,"jetpack_social_options":{"image_generator_settings":{"template":"highway","enabled":false},"version":2}},"categories":[4],"tags":[],"class_list":{"0":"post-23770","1":"post","2":"type-post","3":"status-publish","4":"format-image","6":"category-actualidad","7":"post_format-post-format-image"},"jetpack_publicize_connections":[],"jetpack_sharing_enabled":true,"jetpack_featured_media_url":"","jetpack_shortlink":"https:\/\/wp.me\/p90W9F-6bo","_links":{"self":[{"href":"https:\/\/www.masrojo.com.ar\/home\/wp-json\/wp\/v2\/posts\/23770"}],"collection":[{"href":"https:\/\/www.masrojo.com.ar\/home\/wp-json\/wp\/v2\/posts"}],"about":[{"href":"https:\/\/www.masrojo.com.ar\/home\/wp-json\/wp\/v2\/types\/post"}],"author":[{"embeddable":true,"href":"https:\/\/www.masrojo.com.ar\/home\/wp-json\/wp\/v2\/users\/2"}],"replies":[{"embeddable":true,"href":"https:\/\/www.masrojo.com.ar\/home\/wp-json\/wp\/v2\/comments?post=23770"}],"version-history":[{"count":0,"href":"https:\/\/www.masrojo.com.ar\/home\/wp-json\/wp\/v2\/posts\/23770\/revisions"}],"wp:attachment":[{"href":"https:\/\/www.masrojo.com.ar\/home\/wp-json\/wp\/v2\/media?parent=23770"}],"wp:term":[{"taxonomy":"category","embeddable":true,"href":"https:\/\/www.masrojo.com.ar\/home\/wp-json\/wp\/v2\/categories?post=23770"},{"taxonomy":"post_tag","embeddable":true,"href":"https:\/\/www.masrojo.com.ar\/home\/wp-json\/wp\/v2\/tags?post=23770"}],"curies":[{"name":"wp","href":"https:\/\/api.w.org\/{rel}","templated":true}]}}