{"id":24264,"date":"2019-02-05T08:28:52","date_gmt":"2019-02-05T11:28:52","guid":{"rendered":"https:\/\/www.masrojo.com.ar\/home\/?p=24264"},"modified":"2019-02-05T21:19:53","modified_gmt":"2019-02-06T00:19:53","slug":"diablo-de-seleccion","status":"publish","type":"post","link":"https:\/\/www.masrojo.com.ar\/home\/2019\/02\/05\/diablo-de-seleccion\/","title":{"rendered":"Diablo de selecci\u00f3n"},"content":{"rendered":"<p style=\"text-align: justify;\"><em><strong>Alan Velasco fue convocado por el combinado nacional sub-17 y hoy tuvo su primer entrenamiento en Ezeiza. Actualmente, juega en la reserva del rojo.<\/strong><\/em><\/p>\n<p style=\"text-align: justify;\"><em>El a\u00f1o pasado Independiente ya hab\u00eda empezado a sumar futbolistas a las distintas selecci\u00f3n argentinas y, en este 2019, no iba a ser la excepci\u00f3n. Es que esta semana una de las joyas de la instituci\u00f3n fue citada por Pablo Aimar para entrenar en el predio de AFA.<\/em><\/p>\n<p style=\"text-align: justify;\"><em>Se trata de Alan Velasco, el delantero categor\u00eda 2002 que tiene el \u201crey de copas\u201d que ya hab\u00eda debutado en la reserva con Fernando Ber\u00f3n y este a\u00f1o disput\u00f3 los dos encuentros desde el comienzo. Con su categor\u00eda lleg\u00f3 a la final por el t\u00edtulo pero no pudieron ganarlo ya que cayeron con Boca 2-1.<\/em><\/p>\n<p style=\"text-align: justify;\"><em>Independiente firm\u00f3 un v\u00ednculo con el futbolista de 16 a\u00f1os por cuatro temporadas y una cl\u00e1usula de rescisi\u00f3n por 20 millones de d\u00f3lares. Ahora, le toca una experiencia a nivel selecci\u00f3n. Orgullo nacional.<\/em><\/p>\n","protected":false},"excerpt":{"rendered":"<div class=\"mh-excerpt\"><p>Alan Velasco fue convocado por el combinado nacional sub-17 y hoy tuvo su primer entrenamiento en Ezeiza. Actualmente, juega en la reserva del rojo. El a\u00f1o pasado Independiente ya hab\u00eda empezado a sumar futbolistas a <a class=\"mh-excerpt-more\" href=\"https:\/\/www.masrojo.com.ar\/home\/2019\/02\/05\/diablo-de-seleccion\/\" title=\"Diablo de selecci\u00f3n\">[&#8230;]<\/a><\/p>\n<\/div>","protected":false},"author":2,"featured_media":0,"comment_status":"closed","ping_status":"closed","sticky":false,"template":"","format":"image","meta":{"_jetpack_memberships_contains_paid_content":false,"footnotes":"","jetpack_publicize_message":"","jetpack_publicize_feature_enabled":true,"jetpack_social_post_already_shared":true,"jetpack_social_options":{"image_generator_settings":{"template":"highway","enabled":false},"version":2}},"categories":[16],"tags":[],"class_list":{"0":"post-24264","1":"post","2":"type-post","3":"status-publish","4":"format-image","6":"category-inferiores","7":"post_format-post-format-image"},"jetpack_publicize_connections":[],"jetpack_sharing_enabled":true,"jetpack_featured_media_url":"","jetpack_shortlink":"https:\/\/wp.me\/p90W9F-6jm","_links":{"self":[{"href":"https:\/\/www.masrojo.com.ar\/home\/wp-json\/wp\/v2\/posts\/24264"}],"collection":[{"href":"https:\/\/www.masrojo.com.ar\/home\/wp-json\/wp\/v2\/posts"}],"about":[{"href":"https:\/\/www.masrojo.com.ar\/home\/wp-json\/wp\/v2\/types\/post"}],"author":[{"embeddable":true,"href":"https:\/\/www.masrojo.com.ar\/home\/wp-json\/wp\/v2\/users\/2"}],"replies":[{"embeddable":true,"href":"https:\/\/www.masrojo.com.ar\/home\/wp-json\/wp\/v2\/comments?post=24264"}],"version-history":[{"count":0,"href":"https:\/\/www.masrojo.com.ar\/home\/wp-json\/wp\/v2\/posts\/24264\/revisions"}],"wp:attachment":[{"href":"https:\/\/www.masrojo.com.ar\/home\/wp-json\/wp\/v2\/media?parent=24264"}],"wp:term":[{"taxonomy":"category","embeddable":true,"href":"https:\/\/www.masrojo.com.ar\/home\/wp-json\/wp\/v2\/categories?post=24264"},{"taxonomy":"post_tag","embeddable":true,"href":"https:\/\/www.masrojo.com.ar\/home\/wp-json\/wp\/v2\/tags?post=24264"}],"curies":[{"name":"wp","href":"https:\/\/api.w.org\/{rel}","templated":true}]}}