{"id":24288,"date":"2019-02-05T12:40:16","date_gmt":"2019-02-05T15:40:16","guid":{"rendered":"https:\/\/www.masrojo.com.ar\/home\/?p=24288"},"modified":"2019-02-05T12:40:16","modified_gmt":"2019-02-05T15:40:16","slug":"piensa-en-union","status":"publish","type":"post","link":"https:\/\/www.masrojo.com.ar\/home\/2019\/02\/05\/piensa-en-union\/","title":{"rendered":"PIENSA EN UNI\u00d3N"},"content":{"rendered":"<p style=\"text-align: justify;\"><em>El plantel se entren\u00f3 en el Predio de Villa Dom\u00ednico, pensando en el encuentro ante Uni\u00f3n del pr\u00f3ximo s\u00e1bado.\u00a0<\/em><\/p>\n<p style=\"text-align: justify;\"><em>Cecilio Dom\u00ednguez pr\u00e1ctico junto al resto de sus compa\u00f1eros. Benav\u00eddez, Pablo Hern\u00e1ndez, Diego Mercado y Men\u00e9ndez, trabajaron en el gimnasio. Francisco Silva, quien termin\u00f3 con una contractura en el cuadriceps izquierdo, se entren\u00f3 normal.<\/em><\/p>\n<p style=\"text-align: justify;\"><em>El equipo realiz\u00f3 trabajos en defensa y pelota parada . El plantel vuelve a entrenarse ma\u00f1ana a puertas cerradas y el jueves, luego de la pr\u00e1ctica, est\u00e1 prevista la conferencia de prensa de Ariel Holan<\/em><\/p>\n","protected":false},"excerpt":{"rendered":"<div class=\"mh-excerpt\"><p>El plantel se entren\u00f3 en el Predio de Villa Dom\u00ednico, pensando en el encuentro ante Uni\u00f3n del pr\u00f3ximo s\u00e1bado.\u00a0 Cecilio Dom\u00ednguez pr\u00e1ctico junto al resto de sus compa\u00f1eros. Benav\u00eddez, Pablo Hern\u00e1ndez, Diego Mercado y Men\u00e9ndez, <a class=\"mh-excerpt-more\" href=\"https:\/\/www.masrojo.com.ar\/home\/2019\/02\/05\/piensa-en-union\/\" title=\"PIENSA EN UNI\u00d3N\">[&#8230;]<\/a><\/p>\n<\/div>","protected":false},"author":6,"featured_media":0,"comment_status":"closed","ping_status":"closed","sticky":false,"template":"","format":"image","meta":{"_jetpack_memberships_contains_paid_content":false,"footnotes":"","jetpack_publicize_message":"","jetpack_publicize_feature_enabled":true,"jetpack_social_post_already_shared":true,"jetpack_social_options":{"image_generator_settings":{"template":"highway","enabled":false},"version":2}},"categories":[4],"tags":[],"class_list":{"0":"post-24288","1":"post","2":"type-post","3":"status-publish","4":"format-image","6":"category-actualidad","7":"post_format-post-format-image"},"jetpack_publicize_connections":[],"jetpack_sharing_enabled":true,"jetpack_featured_media_url":"","jetpack_shortlink":"https:\/\/wp.me\/p90W9F-6jK","_links":{"self":[{"href":"https:\/\/www.masrojo.com.ar\/home\/wp-json\/wp\/v2\/posts\/24288"}],"collection":[{"href":"https:\/\/www.masrojo.com.ar\/home\/wp-json\/wp\/v2\/posts"}],"about":[{"href":"https:\/\/www.masrojo.com.ar\/home\/wp-json\/wp\/v2\/types\/post"}],"author":[{"embeddable":true,"href":"https:\/\/www.masrojo.com.ar\/home\/wp-json\/wp\/v2\/users\/6"}],"replies":[{"embeddable":true,"href":"https:\/\/www.masrojo.com.ar\/home\/wp-json\/wp\/v2\/comments?post=24288"}],"version-history":[{"count":0,"href":"https:\/\/www.masrojo.com.ar\/home\/wp-json\/wp\/v2\/posts\/24288\/revisions"}],"wp:attachment":[{"href":"https:\/\/www.masrojo.com.ar\/home\/wp-json\/wp\/v2\/media?parent=24288"}],"wp:term":[{"taxonomy":"category","embeddable":true,"href":"https:\/\/www.masrojo.com.ar\/home\/wp-json\/wp\/v2\/categories?post=24288"},{"taxonomy":"post_tag","embeddable":true,"href":"https:\/\/www.masrojo.com.ar\/home\/wp-json\/wp\/v2\/tags?post=24288"}],"curies":[{"name":"wp","href":"https:\/\/api.w.org\/{rel}","templated":true}]}}