{"id":24304,"date":"2019-02-05T20:16:21","date_gmt":"2019-02-05T23:16:21","guid":{"rendered":"https:\/\/www.masrojo.com.ar\/home\/?p=24304"},"modified":"2019-02-05T20:16:21","modified_gmt":"2019-02-05T23:16:21","slug":"el-mercado-de-la-reserva","status":"publish","type":"post","link":"https:\/\/www.masrojo.com.ar\/home\/2019\/02\/05\/el-mercado-de-la-reserva\/","title":{"rendered":"El mercado de la reserva"},"content":{"rendered":"<p><strong>Si bien el mercado de pases del plantel profesional se lleva todas las miradas, en el plantel que dirige Leandro Stilitano tambi\u00e9n tuvo sus altas y bajas para esta temporada de cara al armado del equipo y el selectivo.<\/strong><\/p>\n<p>Con la asunci\u00f3n del ayudante de campo de Ariel Holan se proyect\u00f3 el nuevo equipo de la reserva y el selectivo por lo que se produjo incorporaciones y bajas en los jugadores que integraban esta divisi\u00f3n. Dentro de las desvinculaciones est\u00e1 la del delantero\u00a0<strong>Ciro Campuzano y los mediocampistas Diego Ch\u00e1vez y Leo \u00c1lvarez,\u00a0<\/strong>que fue el capit\u00e1n del \u00faltimo tramo con Fernando Ber\u00f3n al mando.<\/p>\n<p>En relaci\u00f3n a las nuevas caras en el tercer equipo, se sum\u00f3 <strong>Angel Genes,\u00a0<\/strong>un volante de contenci\u00f3n y buen pie que estaba en las inferiores de Belgrano de C\u00f3rdoba, tembi\u00e9n lleg\u00f3 el mediocampista Rodrigo Atencio y el delantero Emmanuel Mercado que<strong> qued\u00f3 libre en Newell&#8217;s y ya firm\u00f3 contrato con Independiente.\u00a0<\/strong>Adem\u00e1s, <strong>Lucas Lezcano volvi\u00f3 de su rotura de ligamentos cruzados<\/strong> y ya sum\u00f3 minutos en la derrota con Talleres.<\/p>\n","protected":false},"excerpt":{"rendered":"<div class=\"mh-excerpt\"><p>Si bien el mercado de pases del plantel profesional se lleva todas las miradas, en el plantel que dirige Leandro Stilitano tambi\u00e9n tuvo sus altas y bajas para esta temporada de cara al armado del <a class=\"mh-excerpt-more\" href=\"https:\/\/www.masrojo.com.ar\/home\/2019\/02\/05\/el-mercado-de-la-reserva\/\" title=\"El mercado de la reserva\">[&#8230;]<\/a><\/p>\n<\/div>","protected":false},"author":2,"featured_media":0,"comment_status":"closed","ping_status":"closed","sticky":false,"template":"","format":"standard","meta":{"_jetpack_memberships_contains_paid_content":false,"footnotes":"","jetpack_publicize_message":"","jetpack_publicize_feature_enabled":true,"jetpack_social_post_already_shared":true,"jetpack_social_options":{"image_generator_settings":{"template":"highway","enabled":false},"version":2}},"categories":[6],"tags":[17,19,61,641],"class_list":{"0":"post-24304","1":"post","2":"type-post","3":"status-publish","4":"format-standard","6":"category-reserva","7":"tag-independiente","8":"tag-mercado-de-pases","9":"tag-reserva","10":"tag-stilitano"},"jetpack_publicize_connections":[],"jetpack_sharing_enabled":true,"jetpack_featured_media_url":"","jetpack_shortlink":"https:\/\/wp.me\/p90W9F-6k0","_links":{"self":[{"href":"https:\/\/www.masrojo.com.ar\/home\/wp-json\/wp\/v2\/posts\/24304"}],"collection":[{"href":"https:\/\/www.masrojo.com.ar\/home\/wp-json\/wp\/v2\/posts"}],"about":[{"href":"https:\/\/www.masrojo.com.ar\/home\/wp-json\/wp\/v2\/types\/post"}],"author":[{"embeddable":true,"href":"https:\/\/www.masrojo.com.ar\/home\/wp-json\/wp\/v2\/users\/2"}],"replies":[{"embeddable":true,"href":"https:\/\/www.masrojo.com.ar\/home\/wp-json\/wp\/v2\/comments?post=24304"}],"version-history":[{"count":0,"href":"https:\/\/www.masrojo.com.ar\/home\/wp-json\/wp\/v2\/posts\/24304\/revisions"}],"wp:attachment":[{"href":"https:\/\/www.masrojo.com.ar\/home\/wp-json\/wp\/v2\/media?parent=24304"}],"wp:term":[{"taxonomy":"category","embeddable":true,"href":"https:\/\/www.masrojo.com.ar\/home\/wp-json\/wp\/v2\/categories?post=24304"},{"taxonomy":"post_tag","embeddable":true,"href":"https:\/\/www.masrojo.com.ar\/home\/wp-json\/wp\/v2\/tags?post=24304"}],"curies":[{"name":"wp","href":"https:\/\/api.w.org\/{rel}","templated":true}]}}