{"id":24421,"date":"2019-02-09T12:12:34","date_gmt":"2019-02-09T15:12:34","guid":{"rendered":"https:\/\/www.masrojo.com.ar\/home\/?p=24421"},"modified":"2019-02-09T12:12:34","modified_gmt":"2019-02-09T15:12:34","slug":"braian-a-brasil","status":"publish","type":"post","link":"https:\/\/www.masrojo.com.ar\/home\/2019\/02\/09\/braian-a-brasil\/","title":{"rendered":"Braian a Brasil"},"content":{"rendered":"<p style=\"text-align: justify;\">El atacante del Rojo, <strong>Braian Romero<\/strong>, se ir\u00e1 cedido al <strong>Atl\u00e9tico Paranaense<\/strong> por un a\u00f1o, con un cargo de 250.000 d\u00f3lares.<\/p>\n<p style=\"text-align: justify;\">El equipo brasile\u00f1o, Campe\u00f3n de la \u00faltima Sudamericana, tendr\u00e1 una <strong>opci\u00f3n de compra de 2.7<\/strong> millones de d\u00f3lares.<\/p>\n<p style=\"text-align: justify;\">Romero nunca pudo asentarse como titular pero s\u00ed como el primer suplente de Holan. Ante la insistencia del Paranaense, la CD y el cuerpo t\u00e9cnico dio el visto bueno.<\/p>\n<p>&nbsp;<\/p>\n","protected":false},"excerpt":{"rendered":"<div class=\"mh-excerpt\"><p>El atacante del Rojo, Braian Romero, se ir\u00e1 cedido al Atl\u00e9tico Paranaense por un a\u00f1o, con un cargo de 250.000 d\u00f3lares. El equipo brasile\u00f1o, Campe\u00f3n de la \u00faltima Sudamericana, tendr\u00e1 una opci\u00f3n de compra de <a class=\"mh-excerpt-more\" href=\"https:\/\/www.masrojo.com.ar\/home\/2019\/02\/09\/braian-a-brasil\/\" title=\"Braian a Brasil\">[&#8230;]<\/a><\/p>\n<\/div>","protected":false},"author":4,"featured_media":0,"comment_status":"closed","ping_status":"closed","sticky":false,"template":"","format":"image","meta":{"_jetpack_memberships_contains_paid_content":false,"footnotes":"","jetpack_publicize_message":"#Independiente Braian a Brasil","jetpack_publicize_feature_enabled":true,"jetpack_social_post_already_shared":true,"jetpack_social_options":{"image_generator_settings":{"template":"highway","enabled":false},"version":2}},"categories":[4],"tags":[645,310,17,19],"class_list":{"0":"post-24421","1":"post","2":"type-post","3":"status-publish","4":"format-image","6":"category-actualidad","7":"tag-atletico-paranaense","8":"tag-braian-romero","9":"tag-independiente","10":"tag-mercado-de-pases","11":"post_format-post-format-image"},"jetpack_publicize_connections":[],"jetpack_sharing_enabled":true,"jetpack_featured_media_url":"","jetpack_shortlink":"https:\/\/wp.me\/p90W9F-6lT","_links":{"self":[{"href":"https:\/\/www.masrojo.com.ar\/home\/wp-json\/wp\/v2\/posts\/24421"}],"collection":[{"href":"https:\/\/www.masrojo.com.ar\/home\/wp-json\/wp\/v2\/posts"}],"about":[{"href":"https:\/\/www.masrojo.com.ar\/home\/wp-json\/wp\/v2\/types\/post"}],"author":[{"embeddable":true,"href":"https:\/\/www.masrojo.com.ar\/home\/wp-json\/wp\/v2\/users\/4"}],"replies":[{"embeddable":true,"href":"https:\/\/www.masrojo.com.ar\/home\/wp-json\/wp\/v2\/comments?post=24421"}],"version-history":[{"count":0,"href":"https:\/\/www.masrojo.com.ar\/home\/wp-json\/wp\/v2\/posts\/24421\/revisions"}],"wp:attachment":[{"href":"https:\/\/www.masrojo.com.ar\/home\/wp-json\/wp\/v2\/media?parent=24421"}],"wp:term":[{"taxonomy":"category","embeddable":true,"href":"https:\/\/www.masrojo.com.ar\/home\/wp-json\/wp\/v2\/categories?post=24421"},{"taxonomy":"post_tag","embeddable":true,"href":"https:\/\/www.masrojo.com.ar\/home\/wp-json\/wp\/v2\/tags?post=24421"}],"curies":[{"name":"wp","href":"https:\/\/api.w.org\/{rel}","templated":true}]}}