{"id":24882,"date":"2019-02-18T13:22:12","date_gmt":"2019-02-18T16:22:12","guid":{"rendered":"https:\/\/www.masrojo.com.ar\/home\/?p=24882"},"modified":"2019-02-18T13:22:12","modified_gmt":"2019-02-18T16:22:12","slug":"a-recuperarlos","status":"publish","type":"post","link":"https:\/\/www.masrojo.com.ar\/home\/2019\/02\/18\/a-recuperarlos\/","title":{"rendered":"A RECUPERARLOS"},"content":{"rendered":"<p style=\"text-align: justify;\"><em>El plantel de Independiente comenz\u00f3 la semana de entrenamientos en Villa Dom\u00ednico pensando en el cl\u00e1sico del pr\u00f3ximo s\u00e1bado en el Libertadores de Am\u00e9rica.<\/em><\/p>\n<p style=\"text-align: justify;\"><em>Las novedades de la ma\u00f1ana fueron que Mart\u00edn Ben\u00edtez y Silvio Romero volvieron a entrenar de manera diferenciada, aunque mantienen el optimismo de que puedan llegar al s\u00e1bado. De Ben\u00edtez esperan que ma\u00f1ana pueda entrenar con normalidad mientras que a Romero lo ir\u00e1n llevando de a poco.<\/em><\/p>\n<p style=\"text-align: justify;\"><em>En cuanto a los trabajos realizados los que no jugaron el s\u00e1bado, disputaron un amistoso ante la reserva y los que actuaron ante los sanjuaninos realizaron trabajos regenerativos.<\/em><\/p>\n","protected":false},"excerpt":{"rendered":"<div class=\"mh-excerpt\"><p>El plantel de Independiente comenz\u00f3 la semana de entrenamientos en Villa Dom\u00ednico pensando en el cl\u00e1sico del pr\u00f3ximo s\u00e1bado en el Libertadores de Am\u00e9rica. Las novedades de la ma\u00f1ana fueron que Mart\u00edn Ben\u00edtez y Silvio <a class=\"mh-excerpt-more\" href=\"https:\/\/www.masrojo.com.ar\/home\/2019\/02\/18\/a-recuperarlos\/\" title=\"A RECUPERARLOS\">[&#8230;]<\/a><\/p>\n<\/div>","protected":false},"author":2,"featured_media":0,"comment_status":"closed","ping_status":"closed","sticky":false,"template":"","format":"image","meta":{"_jetpack_memberships_contains_paid_content":false,"footnotes":"","jetpack_publicize_message":"","jetpack_publicize_feature_enabled":true,"jetpack_social_post_already_shared":true,"jetpack_social_options":{"image_generator_settings":{"template":"highway","enabled":false},"version":2}},"categories":[4],"tags":[],"class_list":{"0":"post-24882","1":"post","2":"type-post","3":"status-publish","4":"format-image","6":"category-actualidad","7":"post_format-post-format-image"},"jetpack_publicize_connections":[],"jetpack_sharing_enabled":true,"jetpack_featured_media_url":"","jetpack_shortlink":"https:\/\/wp.me\/p90W9F-6tk","_links":{"self":[{"href":"https:\/\/www.masrojo.com.ar\/home\/wp-json\/wp\/v2\/posts\/24882"}],"collection":[{"href":"https:\/\/www.masrojo.com.ar\/home\/wp-json\/wp\/v2\/posts"}],"about":[{"href":"https:\/\/www.masrojo.com.ar\/home\/wp-json\/wp\/v2\/types\/post"}],"author":[{"embeddable":true,"href":"https:\/\/www.masrojo.com.ar\/home\/wp-json\/wp\/v2\/users\/2"}],"replies":[{"embeddable":true,"href":"https:\/\/www.masrojo.com.ar\/home\/wp-json\/wp\/v2\/comments?post=24882"}],"version-history":[{"count":0,"href":"https:\/\/www.masrojo.com.ar\/home\/wp-json\/wp\/v2\/posts\/24882\/revisions"}],"wp:attachment":[{"href":"https:\/\/www.masrojo.com.ar\/home\/wp-json\/wp\/v2\/media?parent=24882"}],"wp:term":[{"taxonomy":"category","embeddable":true,"href":"https:\/\/www.masrojo.com.ar\/home\/wp-json\/wp\/v2\/categories?post=24882"},{"taxonomy":"post_tag","embeddable":true,"href":"https:\/\/www.masrojo.com.ar\/home\/wp-json\/wp\/v2\/tags?post=24882"}],"curies":[{"name":"wp","href":"https:\/\/api.w.org\/{rel}","templated":true}]}}