{"id":26143,"date":"2019-03-20T22:08:19","date_gmt":"2019-03-21T01:08:19","guid":{"rendered":"https:\/\/www.masrojo.com.ar\/home\/?p=26143"},"modified":"2019-03-25T10:05:40","modified_gmt":"2019-03-25T13:05:40","slug":"el-futsal-arranco-con-derrota","status":"publish","type":"post","link":"https:\/\/www.masrojo.com.ar\/home\/2019\/03\/20\/el-futsal-arranco-con-derrota\/","title":{"rendered":"El Futsal arranc\u00f3 con derrota"},"content":{"rendered":"<p style=\"text-align: justify;\"><strong>Comenz\u00f3 un nuevo torneo de la Primera Divisi\u00f3n de futsal, donde Independiente hizo su debut visitando a un hist\u00f3rico del f\u00fatbol sala como lo es Pinocho, el resultado fue adverso y cay\u00f3 4-1.<\/strong><\/p>\n<p style=\"text-align: justify;\"><strong>La pr\u00f3xima fecha ser\u00e1 ante San Lorenzo de local.<\/strong><\/p>\n<blockquote class=\"twitter-tweet\" data-lang=\"es\">\n<p dir=\"ltr\" lang=\"es\"><a href=\"https:\/\/twitter.com\/hashtag\/PrimeraA?src=hash&amp;ref_src=twsrc%5Etfw\">#PrimeraA<\/a> &#x1f4fd;&#xfe0f;&#x1f4fa; <a href=\"https:\/\/twitter.com\/PinochoFutsalOf?ref_src=twsrc%5Etfw\">@PinochoFutsalOf<\/a>, de vuelta en vuelta: con los regresos goleadores de <a href=\"https:\/\/twitter.com\/nachitocaviglia?ref_src=twsrc%5Etfw\">@nachitocaviglia<\/a> y Mauro Riente (<a href=\"https:\/\/twitter.com\/mriente09?ref_src=twsrc%5Etfw\">@mriente09<\/a>) los de Villa Urquiza vencieron 4-1 a <a href=\"https:\/\/twitter.com\/hashtag\/Independiente?src=hash&amp;ref_src=twsrc%5Etfw\">#Independiente<\/a> por la fecha 1 &#x1f3c6;&#x1f1e6;&#x1f1f7;<br \/>\n&#x26bd;&#xfe0f; Riente -2-, Caviglia y Spellanz\u00f3n (P); Piqu\u00e9 (I) <a href=\"https:\/\/t.co\/hKBV7YU2DK\">pic.twitter.com\/hKBV7YU2DK<\/a><\/p>\n<p>\u2014 Pasi\u00f3n Futsal (@pasionfutsal) <a href=\"https:\/\/twitter.com\/pasionfutsal\/status\/1107783900598816768?ref_src=twsrc%5Etfw\">18 de marzo de 2019<\/a><\/p><\/blockquote>\n<p><script async src=\"https:\/\/platform.twitter.com\/widgets.js\" charset=\"utf-8\"><\/script><\/p>\n","protected":false},"excerpt":{"rendered":"<div class=\"mh-excerpt\"><p>Comenz\u00f3 un nuevo torneo de la Primera Divisi\u00f3n de futsal, donde Independiente hizo su debut visitando a un hist\u00f3rico del f\u00fatbol sala como lo es Pinocho, el resultado fue adverso y cay\u00f3 4-1. La pr\u00f3xima <a class=\"mh-excerpt-more\" href=\"https:\/\/www.masrojo.com.ar\/home\/2019\/03\/20\/el-futsal-arranco-con-derrota\/\" title=\"El Futsal arranc\u00f3 con derrota\">[&#8230;]<\/a><\/p>\n<\/div>","protected":false},"author":6,"featured_media":0,"comment_status":"closed","ping_status":"closed","sticky":false,"template":"","format":"video","meta":{"_jetpack_memberships_contains_paid_content":false,"footnotes":"","jetpack_publicize_message":"","jetpack_publicize_feature_enabled":true,"jetpack_social_post_already_shared":true,"jetpack_social_options":{"image_generator_settings":{"template":"highway","enabled":false},"version":2}},"categories":[4],"tags":[198],"class_list":{"0":"post-26143","1":"post","2":"type-post","3":"status-publish","4":"format-video","6":"category-actualidad","7":"tag-futsal","8":"post_format-post-format-video"},"jetpack_publicize_connections":[],"jetpack_sharing_enabled":true,"jetpack_featured_media_url":"","jetpack_shortlink":"https:\/\/wp.me\/p90W9F-6NF","_links":{"self":[{"href":"https:\/\/www.masrojo.com.ar\/home\/wp-json\/wp\/v2\/posts\/26143"}],"collection":[{"href":"https:\/\/www.masrojo.com.ar\/home\/wp-json\/wp\/v2\/posts"}],"about":[{"href":"https:\/\/www.masrojo.com.ar\/home\/wp-json\/wp\/v2\/types\/post"}],"author":[{"embeddable":true,"href":"https:\/\/www.masrojo.com.ar\/home\/wp-json\/wp\/v2\/users\/6"}],"replies":[{"embeddable":true,"href":"https:\/\/www.masrojo.com.ar\/home\/wp-json\/wp\/v2\/comments?post=26143"}],"version-history":[{"count":0,"href":"https:\/\/www.masrojo.com.ar\/home\/wp-json\/wp\/v2\/posts\/26143\/revisions"}],"wp:attachment":[{"href":"https:\/\/www.masrojo.com.ar\/home\/wp-json\/wp\/v2\/media?parent=26143"}],"wp:term":[{"taxonomy":"category","embeddable":true,"href":"https:\/\/www.masrojo.com.ar\/home\/wp-json\/wp\/v2\/categories?post=26143"},{"taxonomy":"post_tag","embeddable":true,"href":"https:\/\/www.masrojo.com.ar\/home\/wp-json\/wp\/v2\/tags?post=26143"}],"curies":[{"name":"wp","href":"https:\/\/api.w.org\/{rel}","templated":true}]}}