{"id":2684,"date":"2017-10-30T20:14:16","date_gmt":"2017-10-30T23:14:16","guid":{"rendered":"https:\/\/www.masrojo.com.ar\/home\/?p=2684"},"modified":"2017-10-30T20:14:16","modified_gmt":"2017-10-30T23:14:16","slug":"regenerativo","status":"publish","type":"post","link":"https:\/\/www.masrojo.com.ar\/home\/2017\/10\/30\/regenerativo\/","title":{"rendered":"Regenerativo"},"content":{"rendered":"<p>Los futbolistas que jugaron ante Patronato realizaron <strong>movimientos regenerativos<\/strong> para cuidar el estado f\u00edsico tras el empate de anoche.<\/p>\n<p>Por su parte, el resto del grupo trabaj\u00f3 en espacios reducidos al comienzo, luego realizaron <strong>ejercicios t\u00e1cticos y tareas de recuperaci\u00f3n y definici\u00f3n.<\/strong><\/p>\n<hr \/>\n<p style=\"text-align: justify;\"><em><strong>PARTE M\u00c9DICO<br \/>\n<\/strong><\/em><br \/>\n<strong>Nery Dom\u00ednguez<\/strong>, quien tiene el alta m\u00e9dica, se entren\u00f3 con normalidad.<br \/>\n<strong>Walter Erviti<\/strong>, quien no presenta molestias de gravedad, realiz\u00f3 toda la pr\u00e1ctica a la par de sus compa\u00f1eros.<\/p>\n<hr \/>\n<p style=\"text-align: justify;\">\nEl equipo vuelve a entrenarse <strong>ma\u00f1ana<\/strong> desde las <strong>9.30 en Villa Dom\u00ednico.<\/strong><br \/>\nHabr\u00e1 atenci\u00f3n a la prensa a partir de las<strong> 11.30.<\/strong><\/p>\n","protected":false},"excerpt":{"rendered":"<div class=\"mh-excerpt\"><p>Los futbolistas que jugaron ante Patronato realizaron movimientos regenerativos para cuidar el estado f\u00edsico tras el empate de anoche. Por su parte, el resto del grupo trabaj\u00f3 en espacios reducidos al comienzo, luego realizaron ejercicios <a class=\"mh-excerpt-more\" href=\"https:\/\/www.masrojo.com.ar\/home\/2017\/10\/30\/regenerativo\/\" title=\"Regenerativo\">[&#8230;]<\/a><\/p>\n<\/div>","protected":false},"author":4,"featured_media":0,"comment_status":"open","ping_status":"open","sticky":false,"template":"","format":"standard","meta":{"_jetpack_memberships_contains_paid_content":false,"footnotes":"","jetpack_publicize_message":"#Independiente | Regenerativo","jetpack_publicize_feature_enabled":true,"jetpack_social_post_already_shared":true,"jetpack_social_options":{"image_generator_settings":{"template":"highway","enabled":false},"version":2}},"categories":[4],"tags":[],"class_list":{"0":"post-2684","1":"post","2":"type-post","3":"status-publish","4":"format-standard","6":"category-actualidad"},"jetpack_publicize_connections":[],"jetpack_sharing_enabled":true,"jetpack_featured_media_url":"","jetpack_shortlink":"https:\/\/wp.me\/p90W9F-Hi","_links":{"self":[{"href":"https:\/\/www.masrojo.com.ar\/home\/wp-json\/wp\/v2\/posts\/2684"}],"collection":[{"href":"https:\/\/www.masrojo.com.ar\/home\/wp-json\/wp\/v2\/posts"}],"about":[{"href":"https:\/\/www.masrojo.com.ar\/home\/wp-json\/wp\/v2\/types\/post"}],"author":[{"embeddable":true,"href":"https:\/\/www.masrojo.com.ar\/home\/wp-json\/wp\/v2\/users\/4"}],"replies":[{"embeddable":true,"href":"https:\/\/www.masrojo.com.ar\/home\/wp-json\/wp\/v2\/comments?post=2684"}],"version-history":[{"count":0,"href":"https:\/\/www.masrojo.com.ar\/home\/wp-json\/wp\/v2\/posts\/2684\/revisions"}],"wp:attachment":[{"href":"https:\/\/www.masrojo.com.ar\/home\/wp-json\/wp\/v2\/media?parent=2684"}],"wp:term":[{"taxonomy":"category","embeddable":true,"href":"https:\/\/www.masrojo.com.ar\/home\/wp-json\/wp\/v2\/categories?post=2684"},{"taxonomy":"post_tag","embeddable":true,"href":"https:\/\/www.masrojo.com.ar\/home\/wp-json\/wp\/v2\/tags?post=2684"}],"curies":[{"name":"wp","href":"https:\/\/api.w.org\/{rel}","templated":true}]}}