{"id":2701,"date":"2017-10-31T09:01:01","date_gmt":"2017-10-31T12:01:01","guid":{"rendered":"https:\/\/www.masrojo.com.ar\/home\/?p=2701"},"modified":"2017-10-31T09:01:58","modified_gmt":"2017-10-31T12:01:58","slug":"55-mil-socios-estan-habilitados-para-votar","status":"publish","type":"post","link":"https:\/\/www.masrojo.com.ar\/home\/2017\/10\/31\/55-mil-socios-estan-habilitados-para-votar\/","title":{"rendered":"\u00ab55 mil socios est\u00e1n habilitados para votar\u00bb"},"content":{"rendered":"<p style=\"text-align: justify;\">Norberto Vidal, representante legal de Agrupaci\u00f3n Independiente y miembro de la Junta Electoral habl\u00f3 en <strong>MASROJO RADIO<\/strong>, sobre los comicios a desarrollarse el pr\u00f3ximo 17 de diciembre.<\/p>\n<p style=\"text-align: justify;\">En el d\u00eda de ayer, Vidal explic\u00f3 que se desarroll\u00f3 la reuni\u00f3n de junta electoral donde <strong>\u00abse aprobaron los padrones provisorios\u201d.<\/strong><\/p>\n<p style=\"text-align: justify;\">Seg\u00fan lo marca el estatuto dijo que\u00a0<strong>\u201cDesde el jueves estar\u00e1 el Padr\u00f3n en la sede para que los socios verifiquen si hay alg\u00fan error\u201d. <\/strong>Adem\u00e1s dijo que<strong> \u00abse est\u00e1 evaluando y trabajando que pueda ser consultado por los socios de manera on line\u00bb<\/strong><\/p>\n<p style=\"text-align: justify;\">Vidal dijo que\u00a0<strong> \u201clos socios habilitados para votar son cerca de 55 mil, con 45 mil masculinos y 10 mil femeninos aproximadamente\u201d<\/strong> y que a partir de \u00e9sta elecci\u00f3n\u00a0<strong>\u201cno va a haber mesa de vitalicios\u201d<\/strong> y que para votar ser\u00e1 necesario <strong>\u201cel mes de noviembre pago como m\u00ednimo para poder votar\u201d<\/strong><\/p>\n<p style=\"text-align: justify;\"><strong>\u00abCon la modificaci\u00f3n del estatuto la antig\u00fcedad paso de dos a\u00f1os a\u00a0\u00a0tres a\u00f1os de socio activo para emitir el sufragio\u201d<\/strong> explic\u00f3 Vidal<\/p>\n","protected":false},"excerpt":{"rendered":"<div class=\"mh-excerpt\"><p>Norberto Vidal, representante legal de Agrupaci\u00f3n Independiente y miembro de la Junta Electoral habl\u00f3 en MASROJO RADIO, sobre los comicios a desarrollarse el pr\u00f3ximo 17 de diciembre. En el d\u00eda de ayer, Vidal explic\u00f3 que <a class=\"mh-excerpt-more\" href=\"https:\/\/www.masrojo.com.ar\/home\/2017\/10\/31\/55-mil-socios-estan-habilitados-para-votar\/\" title=\"\u00ab55 mil socios est\u00e1n habilitados para votar\u00bb\">[&#8230;]<\/a><\/p>\n<\/div>","protected":false},"author":6,"featured_media":0,"comment_status":"open","ping_status":"open","sticky":false,"template":"","format":"image","meta":{"_jetpack_memberships_contains_paid_content":false,"footnotes":"","jetpack_publicize_message":"","jetpack_publicize_feature_enabled":true,"jetpack_social_post_already_shared":true,"jetpack_social_options":{"image_generator_settings":{"template":"highway","enabled":false},"version":2}},"categories":[4,8],"tags":[],"class_list":{"0":"post-2701","1":"post","2":"type-post","3":"status-publish","4":"format-image","6":"category-actualidad","7":"category-institucionales","8":"post_format-post-format-image"},"jetpack_publicize_connections":[],"jetpack_sharing_enabled":true,"jetpack_featured_media_url":"","jetpack_shortlink":"https:\/\/wp.me\/p90W9F-Hz","_links":{"self":[{"href":"https:\/\/www.masrojo.com.ar\/home\/wp-json\/wp\/v2\/posts\/2701"}],"collection":[{"href":"https:\/\/www.masrojo.com.ar\/home\/wp-json\/wp\/v2\/posts"}],"about":[{"href":"https:\/\/www.masrojo.com.ar\/home\/wp-json\/wp\/v2\/types\/post"}],"author":[{"embeddable":true,"href":"https:\/\/www.masrojo.com.ar\/home\/wp-json\/wp\/v2\/users\/6"}],"replies":[{"embeddable":true,"href":"https:\/\/www.masrojo.com.ar\/home\/wp-json\/wp\/v2\/comments?post=2701"}],"version-history":[{"count":0,"href":"https:\/\/www.masrojo.com.ar\/home\/wp-json\/wp\/v2\/posts\/2701\/revisions"}],"wp:attachment":[{"href":"https:\/\/www.masrojo.com.ar\/home\/wp-json\/wp\/v2\/media?parent=2701"}],"wp:term":[{"taxonomy":"category","embeddable":true,"href":"https:\/\/www.masrojo.com.ar\/home\/wp-json\/wp\/v2\/categories?post=2701"},{"taxonomy":"post_tag","embeddable":true,"href":"https:\/\/www.masrojo.com.ar\/home\/wp-json\/wp\/v2\/tags?post=2701"}],"curies":[{"name":"wp","href":"https:\/\/api.w.org\/{rel}","templated":true}]}}