{"id":27417,"date":"2019-04-23T07:11:15","date_gmt":"2019-04-23T10:11:15","guid":{"rendered":"https:\/\/www.masrojo.com.ar\/home\/?p=27417"},"modified":"2019-04-23T10:46:26","modified_gmt":"2019-04-23T13:46:26","slug":"masrojo-radio-lunes-22-04-19","status":"publish","type":"post","link":"https:\/\/www.masrojo.com.ar\/home\/2019\/04\/23\/masrojo-radio-lunes-22-04-19\/","title":{"rendered":"MasRojo Radio Lunes 22.04.19"},"content":{"rendered":"<p>Pas\u00f3 un nuevo programa de MasRojo Radio por AM 890 Radio Libre con toda la informaci\u00f3n de Independiente.<\/p>\n<p>Con lo que dej\u00f3 la eliminaci\u00f3n ante Argentinos Jrs de la Copa de la Superliga<\/p>\n<p>Adem\u00e1s las noticias de inferiores y reserva.<\/p>\n<p>Escucha el programa completo<\/p>\n<p><iframe loading=\"lazy\" width=\"100%\" height=\"65px\" scrolling=\"no\" frameborder=\"no\" src=\"\/\/radiocut.fm\/audiocut\/embed\/mini\/independiente-masrojoradio-emision-lunes-22-04-19\/\" ><\/iframe><\/p>\n","protected":false},"excerpt":{"rendered":"<div class=\"mh-excerpt\"><p>Pas\u00f3 un nuevo programa de MasRojo Radio por AM 890 Radio Libre con toda la informaci\u00f3n de Independiente. Con lo que dej\u00f3 la eliminaci\u00f3n ante Argentinos Jrs de la Copa de la Superliga Adem\u00e1s las <a class=\"mh-excerpt-more\" href=\"https:\/\/www.masrojo.com.ar\/home\/2019\/04\/23\/masrojo-radio-lunes-22-04-19\/\" title=\"MasRojo Radio Lunes 22.04.19\">[&#8230;]<\/a><\/p>\n<\/div>","protected":false},"author":6,"featured_media":16324,"comment_status":"closed","ping_status":"closed","sticky":false,"template":"","format":"audio","meta":{"_jetpack_memberships_contains_paid_content":false,"footnotes":"","jetpack_publicize_message":"","jetpack_publicize_feature_enabled":true,"jetpack_social_post_already_shared":true,"jetpack_social_options":{"image_generator_settings":{"template":"highway","enabled":false},"version":2}},"categories":[4,9],"tags":[44],"class_list":{"0":"post-27417","1":"post","2":"type-post","3":"status-publish","4":"format-audio","5":"has-post-thumbnail","7":"category-actualidad","8":"category-masrojoradio","9":"tag-masrojoradio","10":"post_format-post-format-audio"},"jetpack_publicize_connections":[],"jetpack_sharing_enabled":true,"jetpack_featured_media_url":"https:\/\/i0.wp.com\/www.masrojo.com.ar\/home\/wp-content\/uploads\/logonuevoradio.png?fit=755%2C423&ssl=1","jetpack_shortlink":"https:\/\/wp.me\/p90W9F-78d","_links":{"self":[{"href":"https:\/\/www.masrojo.com.ar\/home\/wp-json\/wp\/v2\/posts\/27417"}],"collection":[{"href":"https:\/\/www.masrojo.com.ar\/home\/wp-json\/wp\/v2\/posts"}],"about":[{"href":"https:\/\/www.masrojo.com.ar\/home\/wp-json\/wp\/v2\/types\/post"}],"author":[{"embeddable":true,"href":"https:\/\/www.masrojo.com.ar\/home\/wp-json\/wp\/v2\/users\/6"}],"replies":[{"embeddable":true,"href":"https:\/\/www.masrojo.com.ar\/home\/wp-json\/wp\/v2\/comments?post=27417"}],"version-history":[{"count":0,"href":"https:\/\/www.masrojo.com.ar\/home\/wp-json\/wp\/v2\/posts\/27417\/revisions"}],"wp:featuredmedia":[{"embeddable":true,"href":"https:\/\/www.masrojo.com.ar\/home\/wp-json\/wp\/v2\/media\/16324"}],"wp:attachment":[{"href":"https:\/\/www.masrojo.com.ar\/home\/wp-json\/wp\/v2\/media?parent=27417"}],"wp:term":[{"taxonomy":"category","embeddable":true,"href":"https:\/\/www.masrojo.com.ar\/home\/wp-json\/wp\/v2\/categories?post=27417"},{"taxonomy":"post_tag","embeddable":true,"href":"https:\/\/www.masrojo.com.ar\/home\/wp-json\/wp\/v2\/tags?post=27417"}],"curies":[{"name":"wp","href":"https:\/\/api.w.org\/{rel}","templated":true}]}}