{"id":27983,"date":"2019-05-13T19:47:40","date_gmt":"2019-05-13T22:47:40","guid":{"rendered":"https:\/\/www.masrojo.com.ar\/home\/?p=27983"},"modified":"2019-05-13T19:47:40","modified_gmt":"2019-05-13T22:47:40","slug":"se-viene-la-renovacion-de-juan-sanchez-mino","status":"publish","type":"post","link":"https:\/\/www.masrojo.com.ar\/home\/2019\/05\/13\/se-viene-la-renovacion-de-juan-sanchez-mino\/","title":{"rendered":"Se viene la renovaci\u00f3n de Juan S\u00e1nchez Mi\u00f1o"},"content":{"rendered":"<div class=\"articleTop\">\n<p class=\"bajada\" style=\"text-align: justify;\"><em>Despu\u00e9s de que surgiera un supuesto inter\u00e9s de Estudiantes, la dirigencia de Independiente llam\u00f3 al representante del jugador para mejorarle y extender el v\u00ednculo.<\/em><\/p>\n<\/div>\n<div class=\"articleMedia\">\n<p class=\"image\" style=\"text-align: justify;\"><em><picture><source srcset=\"https:\/\/media.tycsports.com\/files\/2019\/05\/10\/53545\/sanchez-mino-independiente_416x234.jpg?v=1\" media=\"(max-width: 480px) \" data-srcset=\"https:\/\/media.tycsports.com\/files\/2019\/05\/10\/53545\/sanchez-mino-independiente_416x234.jpg?v=1\" \/><\/picture><\/em><\/p>\n<div>\n<p class=\"capital\" style=\"text-align: justify;\"><em>Lleg\u00f3 la noticia desde La Plata\u00a0y dec\u00eda que\u00a0Gabriel Milito, entrenador de\u00a0<b>Estudiantes<\/b>, estaba interesado en\u00a0Juan S\u00e1nchez Mi\u00f1o.<\/em><\/p>\n<div id=\"inline\" data-google-query-id=\"CIGNw8LJmeICFeP-4Qod93oE2w\">\n<div id=\"google_ads_iframe_\/125006397\/tyc\/nota\/inline_0__container__\"><iframe id=\"google_ads_iframe_\/125006397\/tyc\/nota\/inline_0\" title=\"3rd party ad content\" name=\"google_ads_iframe_\/125006397\/tyc\/nota\/inline_0\" width=\"1\" height=\"1\" frameborder=\"0\" marginwidth=\"0\" marginheight=\"0\" scrolling=\"no\" data-google-container-id=\"5\" data-load-complete=\"true\"><\/iframe><\/div>\n<\/div>\n<p style=\"text-align: justify;\"><em>Curiosamente, horas despu\u00e9s, la dirigencia de\u00a0<b>Independiente\u00a0<\/b>marc\u00f3 el n\u00famero del representante del futbolista para\u00a0<b>renovarle el contrato.<\/b><\/em><\/p>\n<p style=\"text-align: justify;\"><em>El v\u00ednculo entre las partes finaliza en 2020 y hace un tiempo que amagan con sentarse a hablar sobre la extensi\u00f3n y, adem\u00e1s,\u00a0<b>la actualizaci\u00f3n del sueldo del jugador.<\/b><\/em><\/p>\n<p style=\"text-align: justify;\"><em>Aparentemente, el jueves que viene es la cita entre la dirigencia y el representante de S\u00e1nchez Mi\u00f1o. \u00bfHabr\u00e1 final feliz? Por la dudas, en La Plata estar\u00e1n atentos\u2026<\/em><\/p>\n<\/div>\n<\/div>\n","protected":false},"excerpt":{"rendered":"<div class=\"mh-excerpt\"><p>Despu\u00e9s de que surgiera un supuesto inter\u00e9s de Estudiantes, la dirigencia de Independiente llam\u00f3 al representante del jugador para mejorarle y extender el v\u00ednculo. Lleg\u00f3 la noticia desde La Plata\u00a0y dec\u00eda que\u00a0Gabriel Milito, entrenador de\u00a0Estudiantes, <a class=\"mh-excerpt-more\" href=\"https:\/\/www.masrojo.com.ar\/home\/2019\/05\/13\/se-viene-la-renovacion-de-juan-sanchez-mino\/\" title=\"Se viene la renovaci\u00f3n de Juan S\u00e1nchez Mi\u00f1o\">[&#8230;]<\/a><\/p>\n<\/div>","protected":false},"author":6,"featured_media":0,"comment_status":"closed","ping_status":"closed","sticky":false,"template":"","format":"image","meta":{"_jetpack_memberships_contains_paid_content":false,"footnotes":"","jetpack_publicize_message":"","jetpack_publicize_feature_enabled":true,"jetpack_social_post_already_shared":true,"jetpack_social_options":{"image_generator_settings":{"template":"highway","enabled":false},"version":2}},"categories":[4],"tags":[80],"class_list":{"0":"post-27983","1":"post","2":"type-post","3":"status-publish","4":"format-image","6":"category-actualidad","7":"tag-sanchez-mino","8":"post_format-post-format-image"},"jetpack_publicize_connections":[],"jetpack_sharing_enabled":true,"jetpack_featured_media_url":"","jetpack_shortlink":"https:\/\/wp.me\/p90W9F-7hl","_links":{"self":[{"href":"https:\/\/www.masrojo.com.ar\/home\/wp-json\/wp\/v2\/posts\/27983"}],"collection":[{"href":"https:\/\/www.masrojo.com.ar\/home\/wp-json\/wp\/v2\/posts"}],"about":[{"href":"https:\/\/www.masrojo.com.ar\/home\/wp-json\/wp\/v2\/types\/post"}],"author":[{"embeddable":true,"href":"https:\/\/www.masrojo.com.ar\/home\/wp-json\/wp\/v2\/users\/6"}],"replies":[{"embeddable":true,"href":"https:\/\/www.masrojo.com.ar\/home\/wp-json\/wp\/v2\/comments?post=27983"}],"version-history":[{"count":0,"href":"https:\/\/www.masrojo.com.ar\/home\/wp-json\/wp\/v2\/posts\/27983\/revisions"}],"wp:attachment":[{"href":"https:\/\/www.masrojo.com.ar\/home\/wp-json\/wp\/v2\/media?parent=27983"}],"wp:term":[{"taxonomy":"category","embeddable":true,"href":"https:\/\/www.masrojo.com.ar\/home\/wp-json\/wp\/v2\/categories?post=27983"},{"taxonomy":"post_tag","embeddable":true,"href":"https:\/\/www.masrojo.com.ar\/home\/wp-json\/wp\/v2\/tags?post=27983"}],"curies":[{"name":"wp","href":"https:\/\/api.w.org\/{rel}","templated":true}]}}