{"id":28117,"date":"2019-05-18T20:25:30","date_gmt":"2019-05-18T23:25:30","guid":{"rendered":"https:\/\/www.masrojo.com.ar\/home\/?p=28117"},"modified":"2019-05-18T20:25:30","modified_gmt":"2019-05-18T23:25:30","slug":"itinerario-de-viaje","status":"publish","type":"post","link":"https:\/\/www.masrojo.com.ar\/home\/2019\/05\/18\/itinerario-de-viaje\/","title":{"rendered":"Itinerario de viaje"},"content":{"rendered":"<p>El plantel de Independiente viajar\u00e1 este domingo rumbo a Colombia.<\/p>\n<p>Itinerario del plantel profesional &#8211; Viaje a Colombia<\/p>\n<p>Domingo 19\/5.<br \/>\n&#x26bd; 10.00 &#8211; Entrenamiento en Villa Dom\u00ednico &#x1f1e6;&#x1f1f7;<br \/>\nModalidad: Puertas cerradas<br \/>\n15.00 &#8211; Viaje a R\u00edo Negro, Antioquia, desde Aeroparque en vuelo charter. El avi\u00f3n har\u00e1 escala en Jujuy.<\/p>\n<p>El plantel se hospedar\u00e1 en el hotel Movich de R\u00edo Negro, Antioquia<\/p>\n<p>Lunes 20\/5.<br \/>\n11.00 &#8211; Rueda de prensa del entrenador Ariel Holan en el hotel Movich<br \/>\n17.00 &#8211; Entrenamiento en R\u00edo Negro<\/p>\n<p>Martes 21\/5.<br \/>\nD\u00eda de partido<br \/>\n23.00 &#8211; Regreso a Buenos Aires<\/p>\n<p>Mi\u00e9rcoles 22\/5. &#x1f1e6;&#x1f1f7;<br \/>\n10.00 &#8211; Llegada a Aeroparque<\/p>\n","protected":false},"excerpt":{"rendered":"<div class=\"mh-excerpt\"><p>El plantel de Independiente viajar\u00e1 este domingo rumbo a Colombia. Itinerario del plantel profesional &#8211; Viaje a Colombia Domingo 19\/5. &#x26bd; 10.00 &#8211; Entrenamiento en Villa Dom\u00ednico &#x1f1e6;&#x1f1f7; Modalidad: Puertas cerradas 15.00 &#8211; Viaje a <a class=\"mh-excerpt-more\" href=\"https:\/\/www.masrojo.com.ar\/home\/2019\/05\/18\/itinerario-de-viaje\/\" title=\"Itinerario de viaje\">[&#8230;]<\/a><\/p>\n<\/div>","protected":false},"author":6,"featured_media":0,"comment_status":"closed","ping_status":"closed","sticky":false,"template":"","format":"image","meta":{"_jetpack_memberships_contains_paid_content":false,"footnotes":"","jetpack_publicize_message":"","jetpack_publicize_feature_enabled":true,"jetpack_social_post_already_shared":true,"jetpack_social_options":{"image_generator_settings":{"template":"highway","enabled":false},"version":2}},"categories":[4],"tags":[84],"class_list":{"0":"post-28117","1":"post","2":"type-post","3":"status-publish","4":"format-image","6":"category-actualidad","7":"tag-sudamericana","8":"post_format-post-format-image"},"jetpack_publicize_connections":[],"jetpack_sharing_enabled":true,"jetpack_featured_media_url":"","jetpack_shortlink":"https:\/\/wp.me\/p90W9F-7jv","_links":{"self":[{"href":"https:\/\/www.masrojo.com.ar\/home\/wp-json\/wp\/v2\/posts\/28117"}],"collection":[{"href":"https:\/\/www.masrojo.com.ar\/home\/wp-json\/wp\/v2\/posts"}],"about":[{"href":"https:\/\/www.masrojo.com.ar\/home\/wp-json\/wp\/v2\/types\/post"}],"author":[{"embeddable":true,"href":"https:\/\/www.masrojo.com.ar\/home\/wp-json\/wp\/v2\/users\/6"}],"replies":[{"embeddable":true,"href":"https:\/\/www.masrojo.com.ar\/home\/wp-json\/wp\/v2\/comments?post=28117"}],"version-history":[{"count":0,"href":"https:\/\/www.masrojo.com.ar\/home\/wp-json\/wp\/v2\/posts\/28117\/revisions"}],"wp:attachment":[{"href":"https:\/\/www.masrojo.com.ar\/home\/wp-json\/wp\/v2\/media?parent=28117"}],"wp:term":[{"taxonomy":"category","embeddable":true,"href":"https:\/\/www.masrojo.com.ar\/home\/wp-json\/wp\/v2\/categories?post=28117"},{"taxonomy":"post_tag","embeddable":true,"href":"https:\/\/www.masrojo.com.ar\/home\/wp-json\/wp\/v2\/tags?post=28117"}],"curies":[{"name":"wp","href":"https:\/\/api.w.org\/{rel}","templated":true}]}}