{"id":28271,"date":"2019-05-22T08:56:32","date_gmt":"2019-05-22T11:56:32","guid":{"rendered":"https:\/\/www.masrojo.com.ar\/home\/?p=28271"},"modified":"2019-05-22T08:56:32","modified_gmt":"2019-05-22T11:56:32","slug":"holan-necesitamos-que-nos-mojen-la-oreja","status":"publish","type":"post","link":"https:\/\/www.masrojo.com.ar\/home\/2019\/05\/22\/holan-necesitamos-que-nos-mojen-la-oreja\/","title":{"rendered":"Holan: \u201cNecesitamos que nos mojen la oreja\u201d"},"content":{"rendered":"<div class=\"articleTop\">\n<h2 class=\"bajada\">El t\u00e9cnico de Independiente se quej\u00f3 por la imagen que dej\u00f3 su equipo en la derrota frente a Rionegro \u00c1guilas. \u201cEs una cuenta pendiente y es hora de que se salde\u201d, afirm\u00f3. Adem\u00e1s, agreg\u00f3: \u00abSi tenemos aspiraciones de continuar y pelear, la actitud tiene que ser la que el equipo mostr\u00f3 cuando estuvo en desventaja\u00bb.<\/h2>\n<\/div>\n<div class=\"articleMedia\">\n<div class=\"image\"><picture><source srcset=\"https:\/\/media.tycsports.com\/files\/2019\/05\/22\/54996\/ariel-holan-independiente_416x234.jpg?v=1\" media=\"(max-width: 480px) \" data-srcset=\"https:\/\/media.tycsports.com\/files\/2019\/05\/22\/54996\/ariel-holan-independiente_416x234.jpg?v=1\" \/><\/picture><\/div>\n<div><b><i>\u201cNecesitamos que nos mojen la oreja\u201d<\/i><\/b>, afirm\u00f3 en conferencia de prensa.<\/p>\n<p>El director t\u00e9cnico destac\u00f3 que\u00a0<i>\u201ces una cuenta pendiente y es hora de que se salde\u201d<\/i>. Adem\u00e1s, agreg\u00f3:\u00a0<i>\u201cSi tenemos aspiraciones de continuar y pelear este t\u00edtulo, la actitud tiene que ser la que el equipo mostr\u00f3 cuando estuvo en desventaja. Sabemos que cuando queremos, podemos\u201d<\/i>.<\/p>\n<p>Con respecto al segundo encuentro, Holan fue optimista.\u00a0<i>\u201cLa revancha va a ser totalmente diferente. Sab\u00edamos que son r\u00e1pidos y din\u00e1micos. No nos sorprendieron, solo que no jugamos bien. La altura y otras cuestiones pasan a un segundo plano. Tenemos que mejorar y lo podemos hacer\u201d<\/i>, cerr\u00f3.<\/div>\n<\/div>\n<p><iframe loading=\"lazy\" width=\"560\" height=\"315\" src=\"https:\/\/www.youtube.com\/embed\/4bNFbp0NC54\" frameborder=\"0\" allow=\"accelerometer; autoplay; encrypted-media; gyroscope; picture-in-picture\" allowfullscreen><\/iframe><\/p>\n","protected":false},"excerpt":{"rendered":"<div class=\"mh-excerpt\"><p>El t\u00e9cnico de Independiente se quej\u00f3 por la imagen que dej\u00f3 su equipo en la derrota frente a Rionegro \u00c1guilas. \u201cEs una cuenta pendiente y es hora de que se salde\u201d, afirm\u00f3. Adem\u00e1s, agreg\u00f3: \u00abSi <a class=\"mh-excerpt-more\" href=\"https:\/\/www.masrojo.com.ar\/home\/2019\/05\/22\/holan-necesitamos-que-nos-mojen-la-oreja\/\" title=\"Holan: \u201cNecesitamos que nos mojen la oreja\u201d\">[&#8230;]<\/a><\/p>\n<\/div>","protected":false},"author":6,"featured_media":0,"comment_status":"closed","ping_status":"closed","sticky":false,"template":"","format":"audio","meta":{"_jetpack_memberships_contains_paid_content":false,"footnotes":"","jetpack_publicize_message":"","jetpack_publicize_feature_enabled":true,"jetpack_social_post_already_shared":true,"jetpack_social_options":{"image_generator_settings":{"template":"highway","enabled":false},"version":2}},"categories":[4],"tags":[],"class_list":{"0":"post-28271","1":"post","2":"type-post","3":"status-publish","4":"format-audio","6":"category-actualidad","7":"post_format-post-format-audio"},"jetpack_publicize_connections":[],"jetpack_sharing_enabled":true,"jetpack_featured_media_url":"","jetpack_shortlink":"https:\/\/wp.me\/p90W9F-7lZ","_links":{"self":[{"href":"https:\/\/www.masrojo.com.ar\/home\/wp-json\/wp\/v2\/posts\/28271"}],"collection":[{"href":"https:\/\/www.masrojo.com.ar\/home\/wp-json\/wp\/v2\/posts"}],"about":[{"href":"https:\/\/www.masrojo.com.ar\/home\/wp-json\/wp\/v2\/types\/post"}],"author":[{"embeddable":true,"href":"https:\/\/www.masrojo.com.ar\/home\/wp-json\/wp\/v2\/users\/6"}],"replies":[{"embeddable":true,"href":"https:\/\/www.masrojo.com.ar\/home\/wp-json\/wp\/v2\/comments?post=28271"}],"version-history":[{"count":0,"href":"https:\/\/www.masrojo.com.ar\/home\/wp-json\/wp\/v2\/posts\/28271\/revisions"}],"wp:attachment":[{"href":"https:\/\/www.masrojo.com.ar\/home\/wp-json\/wp\/v2\/media?parent=28271"}],"wp:term":[{"taxonomy":"category","embeddable":true,"href":"https:\/\/www.masrojo.com.ar\/home\/wp-json\/wp\/v2\/categories?post=28271"},{"taxonomy":"post_tag","embeddable":true,"href":"https:\/\/www.masrojo.com.ar\/home\/wp-json\/wp\/v2\/tags?post=28271"}],"curies":[{"name":"wp","href":"https:\/\/api.w.org\/{rel}","templated":true}]}}