{"id":28309,"date":"2019-05-23T21:47:55","date_gmt":"2019-05-24T00:47:55","guid":{"rendered":"https:\/\/www.masrojo.com.ar\/home\/?p=28309"},"modified":"2019-05-23T21:47:55","modified_gmt":"2019-05-24T00:47:55","slug":"en-la-recta-final","status":"publish","type":"post","link":"https:\/\/www.masrojo.com.ar\/home\/2019\/05\/23\/en-la-recta-final\/","title":{"rendered":"En la recta final"},"content":{"rendered":"<p style=\"text-align: justify;\"><strong>El mediocampista uruguayo Carlos Benavidez sum\u00f3 sus primeros minutos luego de la operaci\u00f3n de su rodilla y est\u00e1 a muy poco tiempo de volver a las canchas \u00bfSu retorno ser\u00e1 en Independiente o migra al exterior?<\/strong><\/p>\n<p style=\"text-align: justify;\">En octubre del a\u00f1o pasado el futbolista del Rojo recibi\u00f3 las peores de las noticias: en una pr\u00e1ctica llevada a cabo en Villa Dom\u00ednico\u00a0<strong>se rompi\u00f3 los ligamentos cruzados y los meniscos de la rodilla izquierda.<\/strong><\/p>\n<p style=\"text-align: justify;\">Ahora, 7 meses despu\u00e9s de aquel 16 de octubre, el ex Defensor Sporting ya cumpli\u00f3 los primeros minutos de f\u00fatbol luego de la operaci\u00f3n y su vuelta a las canchas en inminente.\u00a0<strong>Sin embargo, hay una chance de que no sea en el Rey de Copas.<\/strong><\/p>\n<p style=\"text-align: justify;\">Es que al \u00abcharr\u00faa\u00bb lo siguen de cerca clubes alemanes para obtener sus servicios en la pr\u00f3xima temporada. Si bien, hasta el momento, hubo solamente contactos informales, no se descarta la posibilidad de que vuelva a agarrar ritmo futbol\u00edstico en el exterior.<\/p>\n<p style=\"text-align: justify;\">La operaci\u00f3n se llevar\u00eda a cabo como un pr\u00e9stamo por 12 meses de 500 mil euros y una opci\u00f3n de compra de 7 millones de euros \u00bfRecuperaci\u00f3n y a Europa?<\/p>\n","protected":false},"excerpt":{"rendered":"<div class=\"mh-excerpt\"><p>El mediocampista uruguayo Carlos Benavidez sum\u00f3 sus primeros minutos luego de la operaci\u00f3n de su rodilla y est\u00e1 a muy poco tiempo de volver a las canchas \u00bfSu retorno ser\u00e1 en Independiente o migra al <a class=\"mh-excerpt-more\" href=\"https:\/\/www.masrojo.com.ar\/home\/2019\/05\/23\/en-la-recta-final\/\" title=\"En la recta final\">[&#8230;]<\/a><\/p>\n<\/div>","protected":false},"author":2,"featured_media":0,"comment_status":"closed","ping_status":"closed","sticky":false,"template":"","format":"image","meta":{"_jetpack_memberships_contains_paid_content":false,"footnotes":"","jetpack_publicize_message":"","jetpack_publicize_feature_enabled":true,"jetpack_social_post_already_shared":true,"jetpack_social_options":{"image_generator_settings":{"template":"highway","enabled":false},"version":2}},"categories":[4],"tags":[],"class_list":{"0":"post-28309","1":"post","2":"type-post","3":"status-publish","4":"format-image","6":"category-actualidad","7":"post_format-post-format-image"},"jetpack_publicize_connections":[],"jetpack_sharing_enabled":true,"jetpack_featured_media_url":"","jetpack_shortlink":"https:\/\/wp.me\/p90W9F-7mB","_links":{"self":[{"href":"https:\/\/www.masrojo.com.ar\/home\/wp-json\/wp\/v2\/posts\/28309"}],"collection":[{"href":"https:\/\/www.masrojo.com.ar\/home\/wp-json\/wp\/v2\/posts"}],"about":[{"href":"https:\/\/www.masrojo.com.ar\/home\/wp-json\/wp\/v2\/types\/post"}],"author":[{"embeddable":true,"href":"https:\/\/www.masrojo.com.ar\/home\/wp-json\/wp\/v2\/users\/2"}],"replies":[{"embeddable":true,"href":"https:\/\/www.masrojo.com.ar\/home\/wp-json\/wp\/v2\/comments?post=28309"}],"version-history":[{"count":0,"href":"https:\/\/www.masrojo.com.ar\/home\/wp-json\/wp\/v2\/posts\/28309\/revisions"}],"wp:attachment":[{"href":"https:\/\/www.masrojo.com.ar\/home\/wp-json\/wp\/v2\/media?parent=28309"}],"wp:term":[{"taxonomy":"category","embeddable":true,"href":"https:\/\/www.masrojo.com.ar\/home\/wp-json\/wp\/v2\/categories?post=28309"},{"taxonomy":"post_tag","embeddable":true,"href":"https:\/\/www.masrojo.com.ar\/home\/wp-json\/wp\/v2\/tags?post=28309"}],"curies":[{"name":"wp","href":"https:\/\/api.w.org\/{rel}","templated":true}]}}