{"id":28316,"date":"2019-05-24T08:00:06","date_gmt":"2019-05-24T11:00:06","guid":{"rendered":"https:\/\/www.masrojo.com.ar\/home\/?p=28316"},"modified":"2019-05-23T22:09:15","modified_gmt":"2019-05-24T01:09:15","slug":"el-gran-desgaste","status":"publish","type":"post","link":"https:\/\/www.masrojo.com.ar\/home\/2019\/05\/24\/el-gran-desgaste\/","title":{"rendered":"EL GRAN DESGASTE"},"content":{"rendered":"<p style=\"text-align: justify;\">Referentes del plantel de Independiente se juntaron con Maldonado en Colmbia. Durante el di\u00e1logo con integrantes de la CD, el plantel ponder\u00f3 y valor\u00f3 las aptitudes y la capacidad de Holan a la hora de entrenar al equipo, mientras que solo cuestion\u00f3 las formas y maneras de manejarse en la convivencia diaria, <strong>la que sufri\u00f3 un desgaste dif\u00edcil de superar.<\/strong><\/p>\n<p style=\"text-align: justify;\">En Colombia, se tocaron distintos temas que tienen que ver con lo econ\u00f3mico, lo futbol\u00edstico y tambi\u00e9n, con la convivencia y la relaci\u00f3n entre jugadores y el entrenador. En cuanto a esto \u00faltimo, se gener\u00f3 un inquietud que no hizo m\u00e1s que ratificar una de las teor\u00eda que ten\u00eda la dirigencia a la hora de encontrarle explicaci\u00f3n a la mala campa\u00f1a del primer equipo: <strong>la relaci\u00f3n no es la misma que antes y ya no le tienen confianza al entrenador, el mal clima reina en los entrenamientos, y \u00e9sto repercute en la convivencia diaria.<\/strong><\/p>\n<p style=\"text-align: justify;\">La reuni\u00f3n se efectu\u00f3 porque los jugadores carecen de visitas de parte de la directiva a los entrenamientos y aprovecharon la oportunidad para juntarse en el viaje.<\/p>\n<p style=\"text-align: justify;\">La mayor preocupaci\u00f3n de la dirigencia pasa por las malas actuaciones, pero fundamentalmente, por no haber cumplido los objetivos futbol\u00edsticos planteados para la temporada, teniendo en cuenta la enorme inversi\u00f3n que han realizado, teniendo el tercer presupuesto del pa\u00eds, hecho que ha llevado a tener que presupuestar <strong>un ajuste de m\u00e1s de 200 millones de pesos para la pr\u00f3xima temporada.<\/strong><\/p>\n<div id=\"tps_slideContainer_30785\" class=\"theiaPostSlider_slides\">\n<div class=\"theiaPostSlider_preloadedSlide\">\n<p style=\"text-align: justify;\">Por eso, pese a que Holan tiene contrato con Independiente hasta 2021, la dirigencia no descarta en volver a reunirse con \u00e9l para revisar la situaci\u00f3n y reveer su futuro<strong>\u00a0ya que dicho acuerdo tiene cl\u00e1usulas que pueden facilitar su desvinculaci\u00f3n.<\/strong>\u00a0Luego de la vuelta ante el conjunto colombiano (deben revertir un 2-3) se dar\u00e1 una nueva reuni\u00f3n clave \u00bfQue pasar\u00e1 en Independiente?<\/p>\n<\/div>\n<\/div>\n<div class=\"theiaPostSlider_footer _footer\"><\/div>\n<div class=\"fb-comments fb_iframe_widget fb_iframe_widget_fluid_desktop\" data-href=\"https:\/\/lavozdeldiablo.com\/independiente\/30785-cumbre-en-independiente-conflicto-en-puerta.html\" data-numposts=\"10\" data-colorscheme=\"light\" data-order-by=\"social\" data-mobile=\"true\"><\/div>\n","protected":false},"excerpt":{"rendered":"<div class=\"mh-excerpt\"><p>Referentes del plantel de Independiente se juntaron con Maldonado en Colmbia. Durante el di\u00e1logo con integrantes de la CD, el plantel ponder\u00f3 y valor\u00f3 las aptitudes y la capacidad de Holan a la hora de <a class=\"mh-excerpt-more\" href=\"https:\/\/www.masrojo.com.ar\/home\/2019\/05\/24\/el-gran-desgaste\/\" title=\"EL GRAN DESGASTE\">[&#8230;]<\/a><\/p>\n<\/div>","protected":false},"author":6,"featured_media":0,"comment_status":"closed","ping_status":"closed","sticky":false,"template":"","format":"image","meta":{"_jetpack_memberships_contains_paid_content":false,"footnotes":"","jetpack_publicize_message":"","jetpack_publicize_feature_enabled":true,"jetpack_social_post_already_shared":true,"jetpack_social_options":{"image_generator_settings":{"template":"highway","enabled":false},"version":2}},"categories":[4],"tags":[],"class_list":{"0":"post-28316","1":"post","2":"type-post","3":"status-publish","4":"format-image","6":"category-actualidad","7":"post_format-post-format-image"},"jetpack_publicize_connections":[],"jetpack_sharing_enabled":true,"jetpack_featured_media_url":"","jetpack_shortlink":"https:\/\/wp.me\/p90W9F-7mI","_links":{"self":[{"href":"https:\/\/www.masrojo.com.ar\/home\/wp-json\/wp\/v2\/posts\/28316"}],"collection":[{"href":"https:\/\/www.masrojo.com.ar\/home\/wp-json\/wp\/v2\/posts"}],"about":[{"href":"https:\/\/www.masrojo.com.ar\/home\/wp-json\/wp\/v2\/types\/post"}],"author":[{"embeddable":true,"href":"https:\/\/www.masrojo.com.ar\/home\/wp-json\/wp\/v2\/users\/6"}],"replies":[{"embeddable":true,"href":"https:\/\/www.masrojo.com.ar\/home\/wp-json\/wp\/v2\/comments?post=28316"}],"version-history":[{"count":0,"href":"https:\/\/www.masrojo.com.ar\/home\/wp-json\/wp\/v2\/posts\/28316\/revisions"}],"wp:attachment":[{"href":"https:\/\/www.masrojo.com.ar\/home\/wp-json\/wp\/v2\/media?parent=28316"}],"wp:term":[{"taxonomy":"category","embeddable":true,"href":"https:\/\/www.masrojo.com.ar\/home\/wp-json\/wp\/v2\/categories?post=28316"},{"taxonomy":"post_tag","embeddable":true,"href":"https:\/\/www.masrojo.com.ar\/home\/wp-json\/wp\/v2\/tags?post=28316"}],"curies":[{"name":"wp","href":"https:\/\/api.w.org\/{rel}","templated":true}]}}