{"id":28324,"date":"2019-05-24T15:16:47","date_gmt":"2019-05-24T18:16:47","guid":{"rendered":"https:\/\/www.masrojo.com.ar\/home\/?p=28324"},"modified":"2019-05-24T15:16:47","modified_gmt":"2019-05-24T18:16:47","slug":"manana-de-reunion-en-dominico","status":"publish","type":"post","link":"https:\/\/www.masrojo.com.ar\/home\/2019\/05\/24\/manana-de-reunion-en-dominico\/","title":{"rendered":"Ma\u00f1ana de reuni\u00f3n en Dom\u00ednico"},"content":{"rendered":"<p class=\"bajada\" style=\"text-align: justify;\">Fue antes del entrenamiento en el predio de Villa Dom\u00ednico y se trataron temas relacionados a la \u00abcomodidad\u00bb del plantel. La continuidad del DT no est\u00e1 asegurada.<\/p>\n<p class=\"capital\" style=\"text-align: justify;\">Ariel Holan y los jugadores de Independiente protagonizaron este viernes una reuni\u00f3n \u00abcaliente\u00bb antes de dar inicio al entrenamiento en el predio de Villa Dom\u00ednico para rever cuestiones relacionadas a la \u00abcomodidad\u00bb del plantel.<\/p>\n<div id=\"inline\" data-google-query-id=\"CLSB4MrdtOICFbPJ4wcdgagEAQ\">\n<div id=\"google_ads_iframe_\/125006397\/tyc\/nota\/inline_0__container__\"><iframe id=\"google_ads_iframe_\/125006397\/tyc\/nota\/inline_0\" title=\"3rd party ad content\" name=\"google_ads_iframe_\/125006397\/tyc\/nota\/inline_0\" width=\"1\" height=\"1\" frameborder=\"0\" marginwidth=\"0\" marginheight=\"0\" scrolling=\"no\" data-google-container-id=\"c\" data-load-complete=\"true\" data-mce-fragment=\"1\"><\/iframe><\/div>\n<\/div>\n<p style=\"text-align: justify;\">El c\u00f3nclave dur\u00f3 45 minutos y ambas partes aclararon ciertas rispideces, que se vienen dando desde hace tiempo, de cara al partido de vuelta contra\u00a0<a href=\"https:\/\/www.tycsports.com\/rionegro-aguilas.html\">Rionegro \u00c1guilas<\/a>\u00a0por los 16avos. de final de la\u00a0<a href=\"https:\/\/www.tycsports.com\/copa-sudamericana-2019.html\">Copa Sudamericana 2019<\/a>.<\/p>\n<p style=\"text-align: justify;\">El secretario general, H\u00e9ctor Yoyo Maldonado, a quien los referentes del plantel le manifestaron en Medell\u00edn un malestar general por el accionar del entrenador en el d\u00eda a d\u00eda, estuvo presente en Villa Dom\u00ednico, aunque no hay certezas de que haya participado puertas adentro.<\/p>\n<p style=\"text-align: justify;\">Lo cierto es que la dura derrota en Colombia cambi\u00f3 rotundamente las condiciones de Holan en torno a su continuidad, a pesar de que en la semana se hab\u00eda puesto de acuerdo con la c\u00fapula del club sobre los puestos a reforzar.<\/p>\n","protected":false},"excerpt":{"rendered":"<div class=\"mh-excerpt\"><p>Fue antes del entrenamiento en el predio de Villa Dom\u00ednico y se trataron temas relacionados a la \u00abcomodidad\u00bb del plantel. La continuidad del DT no est\u00e1 asegurada. Ariel Holan y los jugadores de Independiente protagonizaron <a class=\"mh-excerpt-more\" href=\"https:\/\/www.masrojo.com.ar\/home\/2019\/05\/24\/manana-de-reunion-en-dominico\/\" title=\"Ma\u00f1ana de reuni\u00f3n en Dom\u00ednico\">[&#8230;]<\/a><\/p>\n<\/div>","protected":false},"author":6,"featured_media":0,"comment_status":"closed","ping_status":"closed","sticky":false,"template":"","format":"image","meta":{"_jetpack_memberships_contains_paid_content":false,"footnotes":"","jetpack_publicize_message":"","jetpack_publicize_feature_enabled":true,"jetpack_social_post_already_shared":true,"jetpack_social_options":{"image_generator_settings":{"template":"highway","enabled":false},"version":2}},"categories":[4],"tags":[],"class_list":{"0":"post-28324","1":"post","2":"type-post","3":"status-publish","4":"format-image","6":"category-actualidad","7":"post_format-post-format-image"},"jetpack_publicize_connections":[],"jetpack_sharing_enabled":true,"jetpack_featured_media_url":"","jetpack_shortlink":"https:\/\/wp.me\/p90W9F-7mQ","_links":{"self":[{"href":"https:\/\/www.masrojo.com.ar\/home\/wp-json\/wp\/v2\/posts\/28324"}],"collection":[{"href":"https:\/\/www.masrojo.com.ar\/home\/wp-json\/wp\/v2\/posts"}],"about":[{"href":"https:\/\/www.masrojo.com.ar\/home\/wp-json\/wp\/v2\/types\/post"}],"author":[{"embeddable":true,"href":"https:\/\/www.masrojo.com.ar\/home\/wp-json\/wp\/v2\/users\/6"}],"replies":[{"embeddable":true,"href":"https:\/\/www.masrojo.com.ar\/home\/wp-json\/wp\/v2\/comments?post=28324"}],"version-history":[{"count":0,"href":"https:\/\/www.masrojo.com.ar\/home\/wp-json\/wp\/v2\/posts\/28324\/revisions"}],"wp:attachment":[{"href":"https:\/\/www.masrojo.com.ar\/home\/wp-json\/wp\/v2\/media?parent=28324"}],"wp:term":[{"taxonomy":"category","embeddable":true,"href":"https:\/\/www.masrojo.com.ar\/home\/wp-json\/wp\/v2\/categories?post=28324"},{"taxonomy":"post_tag","embeddable":true,"href":"https:\/\/www.masrojo.com.ar\/home\/wp-json\/wp\/v2\/tags?post=28324"}],"curies":[{"name":"wp","href":"https:\/\/api.w.org\/{rel}","templated":true}]}}