{"id":28331,"date":"2019-05-24T15:35:19","date_gmt":"2019-05-24T18:35:19","guid":{"rendered":"https:\/\/www.masrojo.com.ar\/home\/?p=28331"},"modified":"2019-05-24T15:35:19","modified_gmt":"2019-05-24T18:35:19","slug":"el-plantel-nunca-pidio-la-cabeza-de-holan","status":"publish","type":"post","link":"https:\/\/www.masrojo.com.ar\/home\/2019\/05\/24\/el-plantel-nunca-pidio-la-cabeza-de-holan\/","title":{"rendered":"\u00abEl plantel nunca pidi\u00f3 la cabeza de Holan\u00bb"},"content":{"rendered":"<p style=\"text-align: justify;\"><span class=\"capital-letter\">L<\/span>uego de la reuni\u00f3n entre el primer equipo y Ariel Holan,\u00a0<strong>Pablo P\u00e9rez<\/strong>\u00a0rompi\u00f3 el silencio en rueda de prensa y dej\u00f3 sus sensaciones del presente que atraviesa\u00a0<a href=\"http:\/\/ar.marca.com\/claro\/futbol\/independiente.html\"><strong>Independiente<\/strong><\/a>: \u00abNo estamos bien dentro de la cancha. Corresponde sentarse a hablar como hombres\u00bb.<\/p>\n<p style=\"text-align: justify;\">En esa misma l\u00ednea, PP8 afirm\u00f3: \u00ab<strong>Me molesta mucho que se filtren las cosas.<\/strong>No tuvimos solamente dos reuniones, fueron seis o siete con Ariel. Siempre puntualizando errores e intentando mejorar. Planteamos problemas y soluciones.\u00a0<strong>No tenemos ning\u00fan problema con Ariel<\/strong>, no queremos que lo echen ni pedimos su cabeza. No fue nada raro, fue para mejorar\u00bb.<\/p>\n<p style=\"text-align: justify;\">Adem\u00e1s, el ex futbolista de Boca agreg\u00f3: \u00abLos rumores aparecen porque Independiente no juega bien al f\u00fatbol. A los dirigentes no le pedimos la cabeza de Holan. Somos 40 personas conviviendo y obviamente no todos nos llevamos bien. Ac\u00e1 lo \u00fanico que pasa es que hay malos resultados\u00bb.<\/p>\n<p style=\"text-align: justify;\">Para cerrar, Pablo P\u00e9rez remarc\u00f3: \u00ab<strong>Yo ac\u00e1 no veo ning\u00fan desgaste entre plantel y cuerpo t\u00e9cnico<\/strong>. Si yo veo un desgaste lo hablo con Ariel, lo que se diga afuera es problema de quien lo diga. Las cosas se solucionan hablando. Yo no soy quien para pedir la cabeza de un entrenador. No queremos que echen al t\u00e9cnico\u00bb.<\/p>\n<p><iframe loading=\"lazy\" width=\"560\" height=\"315\" src=\"https:\/\/www.youtube.com\/embed\/vr7jk6WtY1c\" frameborder=\"0\" allow=\"accelerometer; autoplay; encrypted-media; gyroscope; picture-in-picture\" allowfullscreen><\/iframe><\/p>\n","protected":false},"excerpt":{"rendered":"<div class=\"mh-excerpt\"><p>Luego de la reuni\u00f3n entre el primer equipo y Ariel Holan,\u00a0Pablo P\u00e9rez\u00a0rompi\u00f3 el silencio en rueda de prensa y dej\u00f3 sus sensaciones del presente que atraviesa\u00a0Independiente: \u00abNo estamos bien dentro de la cancha. Corresponde sentarse <a class=\"mh-excerpt-more\" href=\"https:\/\/www.masrojo.com.ar\/home\/2019\/05\/24\/el-plantel-nunca-pidio-la-cabeza-de-holan\/\" title=\"\u00abEl plantel nunca pidi\u00f3 la cabeza de Holan\u00bb\">[&#8230;]<\/a><\/p>\n<\/div>","protected":false},"author":6,"featured_media":0,"comment_status":"closed","ping_status":"closed","sticky":false,"template":"","format":"image","meta":{"_jetpack_memberships_contains_paid_content":false,"footnotes":"","jetpack_publicize_message":"","jetpack_publicize_feature_enabled":true,"jetpack_social_post_already_shared":true,"jetpack_social_options":{"image_generator_settings":{"template":"highway","enabled":false},"version":2}},"categories":[4],"tags":[],"class_list":{"0":"post-28331","1":"post","2":"type-post","3":"status-publish","4":"format-image","6":"category-actualidad","7":"post_format-post-format-image"},"jetpack_publicize_connections":[],"jetpack_sharing_enabled":true,"jetpack_featured_media_url":"","jetpack_shortlink":"https:\/\/wp.me\/p90W9F-7mX","_links":{"self":[{"href":"https:\/\/www.masrojo.com.ar\/home\/wp-json\/wp\/v2\/posts\/28331"}],"collection":[{"href":"https:\/\/www.masrojo.com.ar\/home\/wp-json\/wp\/v2\/posts"}],"about":[{"href":"https:\/\/www.masrojo.com.ar\/home\/wp-json\/wp\/v2\/types\/post"}],"author":[{"embeddable":true,"href":"https:\/\/www.masrojo.com.ar\/home\/wp-json\/wp\/v2\/users\/6"}],"replies":[{"embeddable":true,"href":"https:\/\/www.masrojo.com.ar\/home\/wp-json\/wp\/v2\/comments?post=28331"}],"version-history":[{"count":0,"href":"https:\/\/www.masrojo.com.ar\/home\/wp-json\/wp\/v2\/posts\/28331\/revisions"}],"wp:attachment":[{"href":"https:\/\/www.masrojo.com.ar\/home\/wp-json\/wp\/v2\/media?parent=28331"}],"wp:term":[{"taxonomy":"category","embeddable":true,"href":"https:\/\/www.masrojo.com.ar\/home\/wp-json\/wp\/v2\/categories?post=28331"},{"taxonomy":"post_tag","embeddable":true,"href":"https:\/\/www.masrojo.com.ar\/home\/wp-json\/wp\/v2\/tags?post=28331"}],"curies":[{"name":"wp","href":"https:\/\/api.w.org\/{rel}","templated":true}]}}