{"id":28338,"date":"2019-05-25T13:50:22","date_gmt":"2019-05-25T16:50:22","guid":{"rendered":"https:\/\/www.masrojo.com.ar\/home\/?p=28338"},"modified":"2019-05-25T13:50:22","modified_gmt":"2019-05-25T16:50:22","slug":"se-adelanto-el-horario-de-la-revancha","status":"publish","type":"post","link":"https:\/\/www.masrojo.com.ar\/home\/2019\/05\/25\/se-adelanto-el-horario-de-la-revancha\/","title":{"rendered":"Se adelant\u00f3 el horario de la revancha"},"content":{"rendered":"<p style=\"text-align: justify;\">Por el paro nacional convocado para el pr\u00f3ximo mi\u00e9rcoles, la dirigencia de Independiente elev\u00f3 un pedido a la Conmebol para adelantar el horario de la revancha ante Rionegro \u00c1guilas.<\/p>\n<p style=\"text-align: justify;\">El partido originalmente iba a disputarse el martes a las 21:30, lo que pod\u00eda generar inconvenientes para los hinchas que tengan que desplazarse en transporte p\u00fablico una vez finalizado el partido.<\/p>\n<p style=\"text-align: justify;\">La Conmebol acept\u00f3 la solicitud del Rojo y confirm\u00f3 que la vuelta ante el equipo colombiano se disputar\u00e1 el martes a partir de las 19:15.<\/p>\n<p style=\"text-align: justify;\">En el duelo de ida se la segunda fase de la Sudamericana, Rionegro \u00c1guilas se impuso como local por 3-2 a Independiente, que est\u00e1 obligado a ganar para conseguir la clasificaci\u00f3n.<\/p>\n","protected":false},"excerpt":{"rendered":"<div class=\"mh-excerpt\"><p>Por el paro nacional convocado para el pr\u00f3ximo mi\u00e9rcoles, la dirigencia de Independiente elev\u00f3 un pedido a la Conmebol para adelantar el horario de la revancha ante Rionegro \u00c1guilas. El partido originalmente iba a disputarse <a class=\"mh-excerpt-more\" href=\"https:\/\/www.masrojo.com.ar\/home\/2019\/05\/25\/se-adelanto-el-horario-de-la-revancha\/\" title=\"Se adelant\u00f3 el horario de la revancha\">[&#8230;]<\/a><\/p>\n<\/div>","protected":false},"author":6,"featured_media":0,"comment_status":"closed","ping_status":"closed","sticky":false,"template":"","format":"image","meta":{"_jetpack_memberships_contains_paid_content":false,"footnotes":"","jetpack_publicize_message":"","jetpack_publicize_feature_enabled":true,"jetpack_social_post_already_shared":true,"jetpack_social_options":{"image_generator_settings":{"template":"highway","enabled":false},"version":2}},"categories":[4],"tags":[],"class_list":{"0":"post-28338","1":"post","2":"type-post","3":"status-publish","4":"format-image","6":"category-actualidad","7":"post_format-post-format-image"},"jetpack_publicize_connections":[],"jetpack_sharing_enabled":true,"jetpack_featured_media_url":"","jetpack_shortlink":"https:\/\/wp.me\/p90W9F-7n4","_links":{"self":[{"href":"https:\/\/www.masrojo.com.ar\/home\/wp-json\/wp\/v2\/posts\/28338"}],"collection":[{"href":"https:\/\/www.masrojo.com.ar\/home\/wp-json\/wp\/v2\/posts"}],"about":[{"href":"https:\/\/www.masrojo.com.ar\/home\/wp-json\/wp\/v2\/types\/post"}],"author":[{"embeddable":true,"href":"https:\/\/www.masrojo.com.ar\/home\/wp-json\/wp\/v2\/users\/6"}],"replies":[{"embeddable":true,"href":"https:\/\/www.masrojo.com.ar\/home\/wp-json\/wp\/v2\/comments?post=28338"}],"version-history":[{"count":0,"href":"https:\/\/www.masrojo.com.ar\/home\/wp-json\/wp\/v2\/posts\/28338\/revisions"}],"wp:attachment":[{"href":"https:\/\/www.masrojo.com.ar\/home\/wp-json\/wp\/v2\/media?parent=28338"}],"wp:term":[{"taxonomy":"category","embeddable":true,"href":"https:\/\/www.masrojo.com.ar\/home\/wp-json\/wp\/v2\/categories?post=28338"},{"taxonomy":"post_tag","embeddable":true,"href":"https:\/\/www.masrojo.com.ar\/home\/wp-json\/wp\/v2\/tags?post=28338"}],"curies":[{"name":"wp","href":"https:\/\/api.w.org\/{rel}","templated":true}]}}