{"id":28345,"date":"2019-05-25T14:01:11","date_gmt":"2019-05-25T17:01:11","guid":{"rendered":"https:\/\/www.masrojo.com.ar\/home\/?p=28345"},"modified":"2019-05-25T14:01:11","modified_gmt":"2019-05-25T17:01:11","slug":"a-30-anos-de-la-vuelta-olimpica-en-ferro","status":"publish","type":"post","link":"https:\/\/www.masrojo.com.ar\/home\/2019\/05\/25\/a-30-anos-de-la-vuelta-olimpica-en-ferro\/","title":{"rendered":"A 30 a\u00f1os de la vuelta ol\u00edmpica en Ferro"},"content":{"rendered":"<div class=\"header-articulo\">\n<p>Un 25 de mayo como hoy, Independiente se consagraba campe\u00f3n de la temporada \u00b488-\u00b489 en cancha de Ferro al derrotar a Deportivo Armenio por 2-1 con goles de Ins\u00faa y Massaccesi.<\/p>\n<\/div>\n<div class=\"autor-articulo\">\n<p>Parece que fue ayer y sin embargo ya pasaron 3 d\u00e9cadas que se cumplen exactamente hoy: en la cancha de\u00a0<i>Ferrocarril Oeste<\/i>\u00a0se establec\u00eda la marca r\u00e9cord de p\u00fablico visitante. M\u00e1s de 30 mil hinchas de\u00a0<i>Independiente<\/i>\u00a0agotaron todas las entradas disponibles para ver al equipo dirigido por Jorge Solari, que pod\u00eda consagrarse campe\u00f3n esa tarde soleada ante el humilde\u00a0<i>Deportivo Armenio<\/i>, que finaliz\u00f3 descendido.<\/p>\n<p><iframe loading=\"lazy\" src=\"https:\/\/www.youtube.com\/embed\/3YpI90ZNt2I\" width=\"100%\" height=\"392\" frameborder=\"0\" allowfullscreen=\"allowfullscreen\" data-mce-fragment=\"1\"><\/iframe><\/p>\n<p>En la memoria de la parcialidad roja ese campeonato qued\u00f3 grabado a fuego por dos razones. En aquel momento, porque era un equipo que fue creciendo con el transcurso de aquel torneo largo, que en la primera rueda termin\u00f3 con\u00a0<i>Racing<\/i>\u00a0y\u00a0<i>Boca<\/i>\u00a0en la punta de la tabla y que ten\u00eda una particularidad que se dio por \u00fanica vez: los empates permit\u00edan un punto extra en una definici\u00f3n por penales entre los equipos igualados (el que perd\u00eda en los penales se quedaba s\u00f3lo con 1 punto y el ganador con 2). Pero 30 a\u00f1os despu\u00e9s el recuerdo enfoca en el m\u00e1ximo \u00eddolo del club: ser\u00eda el \u00faltimo campeonato con Ricardo Enrique Bochini -el 10 eterno- en el verde c\u00e9sped.<\/p>\n<p>Con partidos inolvidables, como los dos cl\u00e1sicos ante\u00a0<i>Boca Juniors<\/i>\u00a0\u2013ambos ganados por 2-1 y con goles de Bochini en las dos oportunidades- o el cl\u00e1sico ante el\u00a0<i>River<\/i>\u00a0dirigido por Menotti (que pintaba como el gran candidato) en el Monumental, tambi\u00e9n ganado por 2-1; o un empate sin goles frente a\u00a0<i>Racing<\/i>\u00a0(que era un equipazo y ven\u00eda de ganar la\u00a0<i>Supercopa<\/i>), culpa de ese monstruo del arco llamado Ubaldo Matildo Fillol que defend\u00eda la valla de la\u00a0<i>Academia<\/i>; aunque en la definici\u00f3n por penales,\u00a0<i>Independiente<\/i>\u00a0gan\u00f3 4-1.<\/p>\n<p><iframe loading=\"lazy\" src=\"https:\/\/www.youtube.com\/embed\/A2OHxM9MTec\" width=\"100%\" height=\"392\" frameborder=\"0\" allowfullscreen=\"allowfullscreen\" data-mce-fragment=\"1\"><\/iframe><\/p>\n<p>Con una formaci\u00f3n s\u00f3lida que por momentos daba sensaci\u00f3n de imbatible, con dos arqueros que alternaron como \u201cSuperman\u201d Vargas y el uruguayo Pereira (el del gesto serio y los pantalones largos color negro, no importaban el clima ni las circunstancias), una defensa con los duros centrales Monz\u00f3n y el paraguayo Delgado, los laterales con la proyecci\u00f3n y la velocidad de N\u00e9stor Rolando Clausen y el buen criterio del \u201cLuli\u201d R\u00edos; un mediocampo de lucha con Miguel \u201cHachita\u201d Ludue\u00f1a en el medio (que ven\u00eda de jugar en\u00a0<i>Racing<\/i>) y Jos\u00e9 \u201cEl Chaucha\u201d Bianco, con la sociedad creativa Rub\u00e9n Dar\u00edo Ins\u00faa (un poeta con la pelota al pie, como marcaba su nombre) junto al gigante\u00a0<i>Bocha<\/i>. Adelante completaban el habilidoso y \u00e1gil Alfaro Moreno y como socio destacado Marcelo Reggiardo. Tambi\u00e9n tuvieron alg\u00fan papel Mart\u00edn Ubaldi, el \u201cPirata\u201d Czornomaz (en una de sus pocas incursiones en Primera), Osterrieth, Elbio V\u00e1zquez, Pedro Massaccesi.<\/p>\n<p>Ese 25 de mayo, el\u00a0<i>Rojo<\/i>\u00a0arranc\u00f3 perdiendo porque Lorenzo Frutos marc\u00f3 para el necesitado\u00a0<i>Armenio<\/i>. Tal vez\u00a0<i>Independiente<\/i>\u00a0hubiera tenido que definir todo en la \u00faltima fecha, recibiendo a\u00a0<i>River<\/i>\u00a0en el estadio de la Doble Visera. Pero no hizo falta: Ins\u00faa y Massacessi lo dieron vuelta, dejaron el 2-1 para la estad\u00edstica y la diferencia suficiente en la tabla de posiciones ante\u00a0<i>Boca<\/i>\u00a0(que termin\u00f3 sub campe\u00f3n con los hist\u00f3ricos rojos Pastoriza como DT y Marangoni en la mitad de cancha, pases que dolieron mucho en Avellaneda). Pudo gritar campe\u00f3n.<\/p>\n<div class=\"foto\">\n<figure><a class=\"modal-fotos\" title=\"\" href=\"https:\/\/i0.wp.com\/www.laizquierdadiario.com\/IMG\/jpg\/independiente_88_89.jpg?ssl=1\" rel=\"gallery1\"><span class=\"spip_document_110307 spip_documents spip_documents_center spip_lien_ok\"><img data-recalc-dims=\"1\" loading=\"lazy\" decoding=\"async\" class=\"img-responsive\" src=\"https:\/\/i0.wp.com\/www.laizquierdadiario.com\/IMG\/jpg\/independiente_88_89.jpg?resize=701%2C425&#038;ssl=1\" alt=\"\" width=\"701\" height=\"425\" \/><\/span><\/a><figcaption><\/figcaption><\/figure>\n<\/div>\n<p>Eran tiempos de f\u00fatbol los domingos, sin grandes obst\u00e1culos para ir a canchas visitantes. La Doble Visera de Avellaneda era tu segundo hogar. Era s\u00f3lo cuesti\u00f3n -tal vez- de tomar el 95 para bajar en Belgrano y Alsina y caminar las cuadras m\u00e1s felices de la adolescencia hasta llegar a la calle Cordero (actual Bochini) y entregarse a la m\u00edstica que todav\u00eda portaban aquellos protagonistas que sal\u00edan al campo de juego. Cuando parec\u00eda que el sol brillaba con m\u00e1s ganas sobre el c\u00e9sped y sobre las camisetas, que eran siempre rojas sin que ning\u00fan m\u00e1rketing impusiera colores ajenos a la historia. Tiempos inolvidables.<\/p>\n<p>Bochini sigui\u00f3 regalando su magia algunos a\u00f1os m\u00e1s, aunque con esa estrella de hace 30 a\u00f1os, cerraba el ciclo m\u00e1s importante de los \u00faltimos tiempos en el club de Avellaneda. Ya hac\u00eda rato se hab\u00eda recibido de maestro.<\/p>\n<p>Aquel 25 de mayo de 1989 no hubo tanto celeste y blanco. Fue el\u00a0<i>Rojo<\/i>\u00a0el que cop\u00f3 las calles. De Caballito, de Avellaneda. Y de toda esa patria sin territorio que es un club de f\u00fatbol, que configura la identidad de tantos miles (o en algunos casos millones) de patriotas voluntarios.<\/p>\n<p>30 a\u00f1os y pareciera que todav\u00eda resuena el eco de un \u201c\u00a1Vamos Rojo, todav\u00eda!\u201d, cuando el pueblo ya supo de qu\u00e9 se trataba: Bochini, el pr\u00f3cer rojo, dejaba otra estrella en Avellaneda.<\/p>\n<p>Por <a href=\"https:\/\/www.laizquierdadiario.com\/Augusto-Dorado\">Augusto Dorado<\/a><\/p>\n<p>@AugustoDorado<\/p>\n<\/div>\n","protected":false},"excerpt":{"rendered":"<div class=\"mh-excerpt\"><p>Un 25 de mayo como hoy, Independiente se consagraba campe\u00f3n de la temporada \u00b488-\u00b489 en cancha de Ferro al derrotar a Deportivo Armenio por 2-1 con goles de Ins\u00faa y Massaccesi. Parece que fue ayer <a class=\"mh-excerpt-more\" href=\"https:\/\/www.masrojo.com.ar\/home\/2019\/05\/25\/a-30-anos-de-la-vuelta-olimpica-en-ferro\/\" title=\"A 30 a\u00f1os de la vuelta ol\u00edmpica en Ferro\">[&#8230;]<\/a><\/p>\n<\/div>","protected":false},"author":6,"featured_media":0,"comment_status":"closed","ping_status":"closed","sticky":false,"template":"","format":"image","meta":{"_jetpack_memberships_contains_paid_content":false,"footnotes":"","jetpack_publicize_message":"","jetpack_publicize_feature_enabled":true,"jetpack_social_post_already_shared":true,"jetpack_social_options":{"image_generator_settings":{"template":"highway","enabled":false},"version":2}},"categories":[4],"tags":[],"class_list":{"0":"post-28345","1":"post","2":"type-post","3":"status-publish","4":"format-image","6":"category-actualidad","7":"post_format-post-format-image"},"jetpack_publicize_connections":[],"jetpack_sharing_enabled":true,"jetpack_featured_media_url":"","jetpack_shortlink":"https:\/\/wp.me\/p90W9F-7nb","_links":{"self":[{"href":"https:\/\/www.masrojo.com.ar\/home\/wp-json\/wp\/v2\/posts\/28345"}],"collection":[{"href":"https:\/\/www.masrojo.com.ar\/home\/wp-json\/wp\/v2\/posts"}],"about":[{"href":"https:\/\/www.masrojo.com.ar\/home\/wp-json\/wp\/v2\/types\/post"}],"author":[{"embeddable":true,"href":"https:\/\/www.masrojo.com.ar\/home\/wp-json\/wp\/v2\/users\/6"}],"replies":[{"embeddable":true,"href":"https:\/\/www.masrojo.com.ar\/home\/wp-json\/wp\/v2\/comments?post=28345"}],"version-history":[{"count":0,"href":"https:\/\/www.masrojo.com.ar\/home\/wp-json\/wp\/v2\/posts\/28345\/revisions"}],"wp:attachment":[{"href":"https:\/\/www.masrojo.com.ar\/home\/wp-json\/wp\/v2\/media?parent=28345"}],"wp:term":[{"taxonomy":"category","embeddable":true,"href":"https:\/\/www.masrojo.com.ar\/home\/wp-json\/wp\/v2\/categories?post=28345"},{"taxonomy":"post_tag","embeddable":true,"href":"https:\/\/www.masrojo.com.ar\/home\/wp-json\/wp\/v2\/tags?post=28345"}],"curies":[{"name":"wp","href":"https:\/\/api.w.org\/{rel}","templated":true}]}}