{"id":28369,"date":"2019-05-25T14:20:53","date_gmt":"2019-05-25T17:20:53","guid":{"rendered":"https:\/\/www.masrojo.com.ar\/home\/?p=28369"},"modified":"2019-05-25T14:20:53","modified_gmt":"2019-05-25T17:20:53","slug":"holan-cambio-el-esquema","status":"publish","type":"post","link":"https:\/\/www.masrojo.com.ar\/home\/2019\/05\/25\/holan-cambio-el-esquema\/","title":{"rendered":"Holan cambi\u00f3 el esquema"},"content":{"rendered":"<p style=\"text-align: justify;\"><em>M\u00e1s cambios para la vuelta: el DT de <b><strong>Independiente<\/strong><\/b> desarm\u00f3 el 4-4-2 que no funcion\u00f3 en Colombia y ensay\u00f3 con dos sistemas t\u00e1cticos diferentes.<\/em><\/p>\n<p style=\"text-align: justify;\"><em>En la pr\u00e1ctica de \u00e9ste s\u00e1bado en el estadio, el t\u00e9cnico\u00a0<strong>desarm\u00f3 el 4-4-2 <\/strong>que no dio resultados en Colombia y prob\u00f3 dos equipos con dos sistemas t\u00e1cticos m\u00e1s conocidos por el equipo. En ambos casos,\u00a0<strong>salieron del once titular\u00a0 los cuestionados Gast\u00f3n Silva y Francisco Silva y reapareci\u00f3 Silvio Romero<\/strong>.<\/em><\/p>\n<p style=\"text-align: justify;\"><em>En un tramo, par\u00f3 un 4-3-3 con\u00a0<strong>Mart\u00edn Campa\u00f1a; Fabricio Bustos, Alan Franco, Guillermo Burdisso, Juan S\u00e1nchez Mi\u00f1o; Pablo P\u00e9rez, Nicol\u00e1s Domingo, Pablo Hern\u00e1ndez; Mart\u00edn Ben\u00edtez, Silvio Romero y Cecilio Dom\u00ednguez<\/strong>.<\/em><\/p>\n<p style=\"text-align: justify;\"><em>Tambi\u00e9n hubo minutos de f\u00fatbol con un 4-2-3-1, el sistema que mejor funcion\u00f3 en el ciclo de Holan. En este equipo salieron Franco y el Tucu para que ingresaran Emanuel Br\u00edtez y Francisco Pizzini, m\u00e1s la vuelta del doble 5. Los once fueron\u00a0<strong>Campa\u00f1a; Bustos, Br\u00edtez, Burdisso, S\u00e1nchez Mi\u00f1o; Domingo, P\u00e9rez; Pizzini, Ben\u00edtez, Cecilio; Romero<\/strong>.<\/em><\/p>\n","protected":false},"excerpt":{"rendered":"<div class=\"mh-excerpt\"><p>M\u00e1s cambios para la vuelta: el DT de Independiente desarm\u00f3 el 4-4-2 que no funcion\u00f3 en Colombia y ensay\u00f3 con dos sistemas t\u00e1cticos diferentes. En la pr\u00e1ctica de \u00e9ste s\u00e1bado en el estadio, el t\u00e9cnico\u00a0desarm\u00f3 <a class=\"mh-excerpt-more\" href=\"https:\/\/www.masrojo.com.ar\/home\/2019\/05\/25\/holan-cambio-el-esquema\/\" title=\"Holan cambi\u00f3 el esquema\">[&#8230;]<\/a><\/p>\n<\/div>","protected":false},"author":6,"featured_media":0,"comment_status":"closed","ping_status":"closed","sticky":false,"template":"","format":"image","meta":{"_jetpack_memberships_contains_paid_content":false,"footnotes":"","jetpack_publicize_message":"","jetpack_publicize_feature_enabled":true,"jetpack_social_post_already_shared":true,"jetpack_social_options":{"image_generator_settings":{"template":"highway","enabled":false},"version":2}},"categories":[4],"tags":[],"class_list":{"0":"post-28369","1":"post","2":"type-post","3":"status-publish","4":"format-image","6":"category-actualidad","7":"post_format-post-format-image"},"jetpack_publicize_connections":[],"jetpack_sharing_enabled":true,"jetpack_featured_media_url":"","jetpack_shortlink":"https:\/\/wp.me\/p90W9F-7nz","_links":{"self":[{"href":"https:\/\/www.masrojo.com.ar\/home\/wp-json\/wp\/v2\/posts\/28369"}],"collection":[{"href":"https:\/\/www.masrojo.com.ar\/home\/wp-json\/wp\/v2\/posts"}],"about":[{"href":"https:\/\/www.masrojo.com.ar\/home\/wp-json\/wp\/v2\/types\/post"}],"author":[{"embeddable":true,"href":"https:\/\/www.masrojo.com.ar\/home\/wp-json\/wp\/v2\/users\/6"}],"replies":[{"embeddable":true,"href":"https:\/\/www.masrojo.com.ar\/home\/wp-json\/wp\/v2\/comments?post=28369"}],"version-history":[{"count":0,"href":"https:\/\/www.masrojo.com.ar\/home\/wp-json\/wp\/v2\/posts\/28369\/revisions"}],"wp:attachment":[{"href":"https:\/\/www.masrojo.com.ar\/home\/wp-json\/wp\/v2\/media?parent=28369"}],"wp:term":[{"taxonomy":"category","embeddable":true,"href":"https:\/\/www.masrojo.com.ar\/home\/wp-json\/wp\/v2\/categories?post=28369"},{"taxonomy":"post_tag","embeddable":true,"href":"https:\/\/www.masrojo.com.ar\/home\/wp-json\/wp\/v2\/tags?post=28369"}],"curies":[{"name":"wp","href":"https:\/\/api.w.org\/{rel}","templated":true}]}}