{"id":28371,"date":"2019-05-25T14:20:21","date_gmt":"2019-05-25T17:20:21","guid":{"rendered":"https:\/\/www.masrojo.com.ar\/home\/?p=28371"},"modified":"2019-05-25T14:20:21","modified_gmt":"2019-05-25T17:20:21","slug":"arbitro-para-la-vuelta-3","status":"publish","type":"post","link":"https:\/\/www.masrojo.com.ar\/home\/2019\/05\/25\/arbitro-para-la-vuelta-3\/","title":{"rendered":"\u00c1rbitro para la vuelta"},"content":{"rendered":"<p style=\"text-align: justify;\"><strong>La CONMEBOL ya design\u00f3 al juez principal para impartir justicia en la revancha ante Rionegro \u00c1guilas por la segunda fase de la Copa Sudamericana.<\/strong><\/p>\n<p style=\"text-align: justify;\">El rey de Copas se juega todo el pr\u00f3ximo martes, a las 19.15, ante el conjunto colombiano para avanzar de ronda en el certamen internacional. Cada vez falta menos para el encuentro y ya est\u00e1 designado el \u00e1rbitro, uno muy especial para el Rojo.<\/p>\n<p style=\"text-align: justify;\">Es que el colegiado ser\u00e1 Mario D\u00edaz de Vivar, el paraguayo que fue designado en\u00a0<strong>la primera final que jug\u00f3 Independiente en la Copa Sudamericana 2017, ante Flamengo.\u00a0<\/strong>En ese partido, como todos recuerdan, ganaron los de Holan 2-1 con goles de Gigliotti y Meza.<\/p>\n<p style=\"text-align: justify;\">Adem\u00e1s, tambi\u00e9n fue el \u00e1rbitro en la primera final de la \u00faltima Copa Libertadores entre River y Boca en la Bombonera. Un juez de vasta experiencia para la vuelta.<\/p>\n","protected":false},"excerpt":{"rendered":"<div class=\"mh-excerpt\"><p>La CONMEBOL ya design\u00f3 al juez principal para impartir justicia en la revancha ante Rionegro \u00c1guilas por la segunda fase de la Copa Sudamericana. El rey de Copas se juega todo el pr\u00f3ximo martes, a <a class=\"mh-excerpt-more\" href=\"https:\/\/www.masrojo.com.ar\/home\/2019\/05\/25\/arbitro-para-la-vuelta-3\/\" title=\"\u00c1rbitro para la vuelta\">[&#8230;]<\/a><\/p>\n<\/div>","protected":false},"author":2,"featured_media":0,"comment_status":"closed","ping_status":"closed","sticky":false,"template":"","format":"image","meta":{"_jetpack_memberships_contains_paid_content":false,"footnotes":"","jetpack_publicize_message":"","jetpack_publicize_feature_enabled":true,"jetpack_social_post_already_shared":true,"jetpack_social_options":{"image_generator_settings":{"template":"highway","enabled":false},"version":2}},"categories":[4],"tags":[],"class_list":{"0":"post-28371","1":"post","2":"type-post","3":"status-publish","4":"format-image","6":"category-actualidad","7":"post_format-post-format-image"},"jetpack_publicize_connections":[],"jetpack_sharing_enabled":true,"jetpack_featured_media_url":"","jetpack_shortlink":"https:\/\/wp.me\/p90W9F-7nB","_links":{"self":[{"href":"https:\/\/www.masrojo.com.ar\/home\/wp-json\/wp\/v2\/posts\/28371"}],"collection":[{"href":"https:\/\/www.masrojo.com.ar\/home\/wp-json\/wp\/v2\/posts"}],"about":[{"href":"https:\/\/www.masrojo.com.ar\/home\/wp-json\/wp\/v2\/types\/post"}],"author":[{"embeddable":true,"href":"https:\/\/www.masrojo.com.ar\/home\/wp-json\/wp\/v2\/users\/2"}],"replies":[{"embeddable":true,"href":"https:\/\/www.masrojo.com.ar\/home\/wp-json\/wp\/v2\/comments?post=28371"}],"version-history":[{"count":0,"href":"https:\/\/www.masrojo.com.ar\/home\/wp-json\/wp\/v2\/posts\/28371\/revisions"}],"wp:attachment":[{"href":"https:\/\/www.masrojo.com.ar\/home\/wp-json\/wp\/v2\/media?parent=28371"}],"wp:term":[{"taxonomy":"category","embeddable":true,"href":"https:\/\/www.masrojo.com.ar\/home\/wp-json\/wp\/v2\/categories?post=28371"},{"taxonomy":"post_tag","embeddable":true,"href":"https:\/\/www.masrojo.com.ar\/home\/wp-json\/wp\/v2\/tags?post=28371"}],"curies":[{"name":"wp","href":"https:\/\/api.w.org\/{rel}","templated":true}]}}