{"id":28394,"date":"2019-05-27T12:38:03","date_gmt":"2019-05-27T15:38:03","guid":{"rendered":"https:\/\/www.masrojo.com.ar\/home\/?p=28394"},"modified":"2019-05-27T12:38:03","modified_gmt":"2019-05-27T15:38:03","slug":"la-ultima-lista-2","status":"publish","type":"post","link":"https:\/\/www.masrojo.com.ar\/home\/2019\/05\/27\/la-ultima-lista-2\/","title":{"rendered":"LA \u00daLTIMA LISTA"},"content":{"rendered":"<p>El entrenador de Independiente entreg\u00f3 la n\u00f3mina de concentrados para la revancha de \u00e9ste martes.<\/p>\n<p>Ser\u00e1 la \u00faltima lista de concentrados del semestre y fin de la temporada. De aqu\u00ed en adelante se ver\u00e1 los que siguen a partir de junio y qui\u00e9nes ser\u00e1n negociados.<\/p>\n<p><img data-recalc-dims=\"1\" loading=\"lazy\" decoding=\"async\" class=\"aligncenter size-full wp-image-28392\" src=\"https:\/\/i0.wp.com\/www.masrojo.com.ar\/home\/wp-content\/uploads\/IMG-20190527-WA0005.jpg?resize=1280%2C690&#038;ssl=1\" alt=\"\" width=\"1280\" height=\"690\" \/><\/p>\n","protected":false},"excerpt":{"rendered":"<div class=\"mh-excerpt\"><p>El entrenador de Independiente entreg\u00f3 la n\u00f3mina de concentrados para la revancha de \u00e9ste martes. Ser\u00e1 la \u00faltima lista de concentrados del semestre y fin de la temporada. De aqu\u00ed en adelante se ver\u00e1 los <a class=\"mh-excerpt-more\" href=\"https:\/\/www.masrojo.com.ar\/home\/2019\/05\/27\/la-ultima-lista-2\/\" title=\"LA \u00daLTIMA LISTA\">[&#8230;]<\/a><\/p>\n<\/div>","protected":false},"author":6,"featured_media":0,"comment_status":"closed","ping_status":"closed","sticky":false,"template":"","format":"image","meta":{"_jetpack_memberships_contains_paid_content":false,"footnotes":"","jetpack_publicize_message":"","jetpack_publicize_feature_enabled":true,"jetpack_social_post_already_shared":true,"jetpack_social_options":{"image_generator_settings":{"template":"highway","enabled":false},"version":2}},"categories":[4],"tags":[],"class_list":{"0":"post-28394","1":"post","2":"type-post","3":"status-publish","4":"format-image","6":"category-actualidad","7":"post_format-post-format-image"},"jetpack_publicize_connections":[],"jetpack_sharing_enabled":true,"jetpack_featured_media_url":"","jetpack_shortlink":"https:\/\/wp.me\/p90W9F-7nY","_links":{"self":[{"href":"https:\/\/www.masrojo.com.ar\/home\/wp-json\/wp\/v2\/posts\/28394"}],"collection":[{"href":"https:\/\/www.masrojo.com.ar\/home\/wp-json\/wp\/v2\/posts"}],"about":[{"href":"https:\/\/www.masrojo.com.ar\/home\/wp-json\/wp\/v2\/types\/post"}],"author":[{"embeddable":true,"href":"https:\/\/www.masrojo.com.ar\/home\/wp-json\/wp\/v2\/users\/6"}],"replies":[{"embeddable":true,"href":"https:\/\/www.masrojo.com.ar\/home\/wp-json\/wp\/v2\/comments?post=28394"}],"version-history":[{"count":0,"href":"https:\/\/www.masrojo.com.ar\/home\/wp-json\/wp\/v2\/posts\/28394\/revisions"}],"wp:attachment":[{"href":"https:\/\/www.masrojo.com.ar\/home\/wp-json\/wp\/v2\/media?parent=28394"}],"wp:term":[{"taxonomy":"category","embeddable":true,"href":"https:\/\/www.masrojo.com.ar\/home\/wp-json\/wp\/v2\/categories?post=28394"},{"taxonomy":"post_tag","embeddable":true,"href":"https:\/\/www.masrojo.com.ar\/home\/wp-json\/wp\/v2\/tags?post=28394"}],"curies":[{"name":"wp","href":"https:\/\/api.w.org\/{rel}","templated":true}]}}