{"id":28428,"date":"2019-05-28T09:37:46","date_gmt":"2019-05-28T12:37:46","guid":{"rendered":"https:\/\/www.masrojo.com.ar\/home\/?p=28428"},"modified":"2019-05-28T09:37:46","modified_gmt":"2019-05-28T12:37:46","slug":"sigue-o-se-va","status":"publish","type":"post","link":"https:\/\/www.masrojo.com.ar\/home\/2019\/05\/28\/sigue-o-se-va\/","title":{"rendered":"\u00bfSIGUE O SE VA?"},"content":{"rendered":"<h3 style=\"text-align: justify;\"><strong>Holan podr\u00eda alejarse de Independiente sin importar el resultado ante Rionegro \u00c1guilas<\/strong><br \/>\nEn la sede de Avenida Mitre hubo muchos cambios de opini\u00f3n dirigencial y el entrenador estar\u00eda en la cuerda floja. El rumor de una inminente salida se acrecienta con el correr de las horas.<\/h3>\n<p>La continuidad de Ariel Holan en Independiente estar\u00eda al borde del abismo y ya no parecer\u00eda importar el resultado de este martes contra Rionegro \u00c1guilas por la vuelta de los 16avos. de final de la Copa Sudamericana 2019, donde tiene que revertir el 3-2 que sufri\u00f3 en Colombia.<\/p>\n<p>Esto quiere decir que el Profesor podr\u00eda estar ante su \u00faltima funci\u00f3n, justo en el Libertadores de Am\u00e9rica, el mismo escenario donde debut\u00f3 con el club de sus amores aquel 18 de marzo de 2017 y en el que empat\u00f3 sin goles frente a San Mart\u00edn de San Juan.<\/p>\n<p>Es que algunas situaciones que se vivieron la semana pasada, como el careo entre el DT y los jugadores en el predio de Villa Dom\u00ednico, provocaron muchos cambios de opini\u00f3n a nivel dirigencial y el rumor de una inminente salida se acrecienta, a pesar del p\u00fablico respaldo de Hugo Moyano en relaci\u00f3n hacia su labor, entre las que se destacan la obtenci\u00f3n de la Sudamericana 2017 y la Suruga Bank 2018.<\/p>\n<p>El t\u00e9cnico est\u00e1 al tanto de la situaci\u00f3n y volver\u00e1 a reunirse con la c\u00fapula dirigencia para definir de una vez por todas el futuro de la instituci\u00f3n, mientras tanto contin\u00faa esquivando las duras cr\u00edticas que le tiran algunos de los \u00eddolos, a los que tanto aprecia, como Ricardo Enrique Bochini y Daniel Bertoni, quienes se encargaron de hablar de un \u00abciclo terminado\u00bb.<\/p>\n<p>Lo cierto es que Holan firm\u00f3 contrato hasta 2021, pero Independiente cuenta con una cl\u00e1usula que, en caso de querer despedir al entrenador al final de una temporada, no tiene que pagar por su salida. Por lo que ese proyecto a largo plazo que \u00e9l mismo gener\u00f3, hoy parecer\u00eda dilucidarse con el correr de las horas.<\/p>\n<p style=\"text-align: right;\">TyC Sports<\/p>\n","protected":false},"excerpt":{"rendered":"<div class=\"mh-excerpt\"><p>Holan podr\u00eda alejarse de Independiente sin importar el resultado ante Rionegro \u00c1guilas En la sede de Avenida Mitre hubo muchos cambios de opini\u00f3n dirigencial y el entrenador estar\u00eda en la cuerda floja. El rumor de <a class=\"mh-excerpt-more\" href=\"https:\/\/www.masrojo.com.ar\/home\/2019\/05\/28\/sigue-o-se-va\/\" title=\"\u00bfSIGUE O SE VA?\">[&#8230;]<\/a><\/p>\n<\/div>","protected":false},"author":6,"featured_media":0,"comment_status":"closed","ping_status":"closed","sticky":false,"template":"","format":"image","meta":{"_jetpack_memberships_contains_paid_content":false,"footnotes":"","jetpack_publicize_message":"","jetpack_publicize_feature_enabled":true,"jetpack_social_post_already_shared":true,"jetpack_social_options":{"image_generator_settings":{"template":"highway","enabled":false},"version":2}},"categories":[4],"tags":[],"class_list":{"0":"post-28428","1":"post","2":"type-post","3":"status-publish","4":"format-image","6":"category-actualidad","7":"post_format-post-format-image"},"jetpack_publicize_connections":[],"jetpack_sharing_enabled":true,"jetpack_featured_media_url":"","jetpack_shortlink":"https:\/\/wp.me\/p90W9F-7ow","_links":{"self":[{"href":"https:\/\/www.masrojo.com.ar\/home\/wp-json\/wp\/v2\/posts\/28428"}],"collection":[{"href":"https:\/\/www.masrojo.com.ar\/home\/wp-json\/wp\/v2\/posts"}],"about":[{"href":"https:\/\/www.masrojo.com.ar\/home\/wp-json\/wp\/v2\/types\/post"}],"author":[{"embeddable":true,"href":"https:\/\/www.masrojo.com.ar\/home\/wp-json\/wp\/v2\/users\/6"}],"replies":[{"embeddable":true,"href":"https:\/\/www.masrojo.com.ar\/home\/wp-json\/wp\/v2\/comments?post=28428"}],"version-history":[{"count":0,"href":"https:\/\/www.masrojo.com.ar\/home\/wp-json\/wp\/v2\/posts\/28428\/revisions"}],"wp:attachment":[{"href":"https:\/\/www.masrojo.com.ar\/home\/wp-json\/wp\/v2\/media?parent=28428"}],"wp:term":[{"taxonomy":"category","embeddable":true,"href":"https:\/\/www.masrojo.com.ar\/home\/wp-json\/wp\/v2\/categories?post=28428"},{"taxonomy":"post_tag","embeddable":true,"href":"https:\/\/www.masrojo.com.ar\/home\/wp-json\/wp\/v2\/tags?post=28428"}],"curies":[{"name":"wp","href":"https:\/\/api.w.org\/{rel}","templated":true}]}}