{"id":28471,"date":"2019-05-29T02:54:20","date_gmt":"2019-05-29T05:54:20","guid":{"rendered":"https:\/\/www.masrojo.com.ar\/home\/?p=28471"},"modified":"2019-05-29T02:58:36","modified_gmt":"2019-05-29T05:58:36","slug":"a-octavo-intermedio","status":"publish","type":"post","link":"https:\/\/www.masrojo.com.ar\/home\/2019\/05\/29\/a-octavo-intermedio\/","title":{"rendered":"A OCTAVO INTERMEDIO"},"content":{"rendered":"<p style=\"text-align: justify;\">Lo significativo e importante que result\u00f3 ser esta llave ante \u00c1guilas Doradas Rionegro, un club con 11 a\u00f1os de historia, se explica fundamentalmente por la acumulaci\u00f3n de malos semestres de Independiente. Una victoria que pas\u00f3 de ser una obligaci\u00f3n deportiva a un motivo para que Ariel Holan, en conferencia de prensa, se golpeara el pecho mientras desasnaba a los presentes con el prestigio del rival y del previamente eliminado Binacional.<\/p>\n<p style=\"text-align: justify;\">Orgulloso de lo superior que fue el equipo en muchos pasajes del partido, conforme con lo realizado t\u00e1cticamente y satisfecho con el haber alcanzado nuevamente octavos de final en una competencia internacional. Todo cierto, sus dirigidos completaron un partido de vuelta tres escalones por encima de lo que fue el partido en Colombia, aunque no hac\u00eda falta mucho para superar aquella noche.<\/p>\n<p style=\"text-align: justify;\">Tambi\u00e9n hay que decir que no fue tan t\u00e1ctica la superioridad. Quiz\u00e1s influenciados por el contexto deportivo o la necesidad grupal de revertir la llave, fueron m\u00e1s las veces que pes\u00f3 la jerarqu\u00eda individual de los rojos que la construcci\u00f3n futbol\u00edstica colectiva. Junto con la ingenuidad rival y su inexperiencia en este tipo de instancias.<\/p>\n<p style=\"text-align: justify;\">Hizo falta un error rival para que Independiente abriera la puerta a la clasificaci\u00f3n. De los pies de Romero, justo el delantero por el que se la jug\u00f3 el entrenador, con quien luego sali\u00f3 a la conferencia de prensa.<\/p>\n<p style=\"text-align: justify;\">Conferencia en la que despotric\u00f3 sobre las veces que lo \u201cvelaron\u201d los periodistas y sobre los inventos y rumores de su posible salida del club. Como si la realidad deportiva del equipo no fuese de por s\u00ed un detonante para inferir una renuncia, como si una derrota ante el ignoto Rionegro no hubiese sido el corolario de un desastroso transitar por cuanta competencia hubo de una a\u00f1o y medio a esta parte.<\/p>\n<p style=\"text-align: justify;\">Lo cierto que es que a pesar de haber clasificado el equipo a octavos de final de Copa Sudamericana y de haber salvado la ropa, el entrenador decidi\u00f3 no confirmar su continuidad en el club. \u00a0Nuevamente cubri\u00f3 de misterio una situaci\u00f3n que podr\u00eda haber desactivado con una simple declaraci\u00f3n.<\/p>\n","protected":false},"excerpt":{"rendered":"<div class=\"mh-excerpt\"><p>Lo significativo e importante que result\u00f3 ser esta llave ante \u00c1guilas Doradas Rionegro, un club con 11 a\u00f1os de historia, se explica fundamentalmente por la acumulaci\u00f3n de malos semestres de Independiente. Una victoria que pas\u00f3 <a class=\"mh-excerpt-more\" href=\"https:\/\/www.masrojo.com.ar\/home\/2019\/05\/29\/a-octavo-intermedio\/\" title=\"A OCTAVO INTERMEDIO\">[&#8230;]<\/a><\/p>\n<\/div>","protected":false},"author":2,"featured_media":0,"comment_status":"closed","ping_status":"closed","sticky":false,"template":"","format":"image","meta":{"_jetpack_memberships_contains_paid_content":false,"footnotes":"","jetpack_publicize_message":"","jetpack_publicize_feature_enabled":true,"jetpack_social_post_already_shared":true,"jetpack_social_options":{"image_generator_settings":{"template":"highway","enabled":false},"version":2}},"categories":[4],"tags":[691,21,17],"class_list":{"0":"post-28471","1":"post","2":"type-post","3":"status-publish","4":"format-image","6":"category-actualidad","7":"tag-aguilas-doradas-rionegro","8":"tag-copa-sudamericana","9":"tag-independiente","10":"post_format-post-format-image"},"jetpack_publicize_connections":[],"jetpack_sharing_enabled":true,"jetpack_featured_media_url":"","jetpack_shortlink":"https:\/\/wp.me\/p90W9F-7pd","_links":{"self":[{"href":"https:\/\/www.masrojo.com.ar\/home\/wp-json\/wp\/v2\/posts\/28471"}],"collection":[{"href":"https:\/\/www.masrojo.com.ar\/home\/wp-json\/wp\/v2\/posts"}],"about":[{"href":"https:\/\/www.masrojo.com.ar\/home\/wp-json\/wp\/v2\/types\/post"}],"author":[{"embeddable":true,"href":"https:\/\/www.masrojo.com.ar\/home\/wp-json\/wp\/v2\/users\/2"}],"replies":[{"embeddable":true,"href":"https:\/\/www.masrojo.com.ar\/home\/wp-json\/wp\/v2\/comments?post=28471"}],"version-history":[{"count":0,"href":"https:\/\/www.masrojo.com.ar\/home\/wp-json\/wp\/v2\/posts\/28471\/revisions"}],"wp:attachment":[{"href":"https:\/\/www.masrojo.com.ar\/home\/wp-json\/wp\/v2\/media?parent=28471"}],"wp:term":[{"taxonomy":"category","embeddable":true,"href":"https:\/\/www.masrojo.com.ar\/home\/wp-json\/wp\/v2\/categories?post=28471"},{"taxonomy":"post_tag","embeddable":true,"href":"https:\/\/www.masrojo.com.ar\/home\/wp-json\/wp\/v2\/tags?post=28471"}],"curies":[{"name":"wp","href":"https:\/\/api.w.org\/{rel}","templated":true}]}}