{"id":28506,"date":"2019-05-29T21:49:20","date_gmt":"2019-05-30T00:49:20","guid":{"rendered":"https:\/\/www.masrojo.com.ar\/home\/?p=28506"},"modified":"2019-05-29T21:49:20","modified_gmt":"2019-05-30T00:49:20","slug":"me-hubiese-gustado-recibir-un-llamado","status":"publish","type":"post","link":"https:\/\/www.masrojo.com.ar\/home\/2019\/05\/29\/me-hubiese-gustado-recibir-un-llamado\/","title":{"rendered":"\u00abMe hubiese gustado recibir un llamado\u00bb"},"content":{"rendered":"<div class=\"articleTop\">\n<h2 class=\"bajada\"><em>El volante, que tuvo dos pasos por el Rojo y que fue nombrado en Boca y en San Lorenzo en el pasado mercado de pases, expres\u00f3 que estaba entre sus intenciones volver al club del cual es hincha.<\/em><\/h2>\n<\/div>\n<div class=\"articleMedia\">\n<div class=\"image\"><em><picture><source srcset=\"https:\/\/media.tycsports.com\/files\/2019\/05\/29\/56207\/mancuello_416x234.jpg?v=1\" media=\"(max-width: 480px) \" data-srcset=\"https:\/\/media.tycsports.com\/files\/2019\/05\/29\/56207\/mancuello_416x234.jpg?v=1\" \/><\/picture><\/em><\/div>\n<div><em>Federico Mancuello\u00a0son\u00f3 en m\u00e1s de un grande del f\u00fatbol argentino, pero curiosamente no estuvo en los planes de Independiente, d\u00f3nde fue referente en su segundo paso por la instituci\u00f3n. \u00ab<b>Me hubiese gustado que me llamen porque soy hincha<\/b>\u00ab, expres\u00f3 en di\u00e1logo exclusivo con\u00a0Sportia\u00a0en referencia a una posible vuelta.<\/em><\/div>\n<\/div>\n<div><\/div>\n<div>\n<p><em>\u00abNo me molest\u00f3 que no lo hagan, hay un mont\u00f3n de jugadores que son llamados y si uno tendr\u00eda que mostrar su descontento ser\u00eda dif\u00edcil\u00bb, agreg\u00f3 el mediocamp\u00edsta que actualmente defiende los colores de Toluca de M\u00e9xico.<\/em><\/p>\n<p><em>Adem\u00e1s, el volante, que fue campe\u00f3n en la\u00a0Copa Sudamericana\u00a02010 con el Rojo, cont\u00f3 las sensaciones que vivi\u00f3 al volver al Libertadores de\u00a0Am\u00e9rica\u00a0para presenciar el partido ante\u00a0Rionegro \u00c1guilas. \u00abFue muy especial porque fui con mi familia, era un sue\u00f1o que ten\u00eda ir a la cancha siendo padre\u00bb, agreg\u00f3.<\/em><\/p>\n<\/div>\n","protected":false},"excerpt":{"rendered":"<div class=\"mh-excerpt\"><p>El volante, que tuvo dos pasos por el Rojo y que fue nombrado en Boca y en San Lorenzo en el pasado mercado de pases, expres\u00f3 que estaba entre sus intenciones volver al club del <a class=\"mh-excerpt-more\" href=\"https:\/\/www.masrojo.com.ar\/home\/2019\/05\/29\/me-hubiese-gustado-recibir-un-llamado\/\" title=\"\u00abMe hubiese gustado recibir un llamado\u00bb\">[&#8230;]<\/a><\/p>\n<\/div>","protected":false},"author":6,"featured_media":0,"comment_status":"closed","ping_status":"closed","sticky":false,"template":"","format":"image","meta":{"_jetpack_memberships_contains_paid_content":false,"footnotes":"","jetpack_publicize_message":"","jetpack_publicize_feature_enabled":true,"jetpack_social_post_already_shared":true,"jetpack_social_options":{"image_generator_settings":{"template":"highway","enabled":false},"version":2}},"categories":[4],"tags":[],"class_list":{"0":"post-28506","1":"post","2":"type-post","3":"status-publish","4":"format-image","6":"category-actualidad","7":"post_format-post-format-image"},"jetpack_publicize_connections":[],"jetpack_sharing_enabled":true,"jetpack_featured_media_url":"","jetpack_shortlink":"https:\/\/wp.me\/p90W9F-7pM","_links":{"self":[{"href":"https:\/\/www.masrojo.com.ar\/home\/wp-json\/wp\/v2\/posts\/28506"}],"collection":[{"href":"https:\/\/www.masrojo.com.ar\/home\/wp-json\/wp\/v2\/posts"}],"about":[{"href":"https:\/\/www.masrojo.com.ar\/home\/wp-json\/wp\/v2\/types\/post"}],"author":[{"embeddable":true,"href":"https:\/\/www.masrojo.com.ar\/home\/wp-json\/wp\/v2\/users\/6"}],"replies":[{"embeddable":true,"href":"https:\/\/www.masrojo.com.ar\/home\/wp-json\/wp\/v2\/comments?post=28506"}],"version-history":[{"count":0,"href":"https:\/\/www.masrojo.com.ar\/home\/wp-json\/wp\/v2\/posts\/28506\/revisions"}],"wp:attachment":[{"href":"https:\/\/www.masrojo.com.ar\/home\/wp-json\/wp\/v2\/media?parent=28506"}],"wp:term":[{"taxonomy":"category","embeddable":true,"href":"https:\/\/www.masrojo.com.ar\/home\/wp-json\/wp\/v2\/categories?post=28506"},{"taxonomy":"post_tag","embeddable":true,"href":"https:\/\/www.masrojo.com.ar\/home\/wp-json\/wp\/v2\/tags?post=28506"}],"curies":[{"name":"wp","href":"https:\/\/api.w.org\/{rel}","templated":true}]}}