{"id":28514,"date":"2019-05-29T22:09:04","date_gmt":"2019-05-30T01:09:04","guid":{"rendered":"https:\/\/www.masrojo.com.ar\/home\/?p=28514"},"modified":"2019-05-29T22:09:04","modified_gmt":"2019-05-30T01:09:04","slug":"vacaciones-y-recuperaciones","status":"publish","type":"post","link":"https:\/\/www.masrojo.com.ar\/home\/2019\/05\/29\/vacaciones-y-recuperaciones\/","title":{"rendered":"VACACIONES Y RECUPERACIONES"},"content":{"rendered":"<p style=\"text-align: justify;\">Tras la victoria ante R\u00edo Negro \u00c1guilas, el plantel qued\u00f3 licenciado hasta el inicio de la pretemporada.<\/p>\n<p style=\"text-align: justify;\">\nGast\u00f3n Silva evolucion\u00f3 positivamente del cuadro de gastroenteritis sufrido en las \u00faltimas 48 horas.<\/p>\n<p style=\"text-align: justify;\">\nNicol\u00e1s Figal y Gonzalo Ver\u00f3n finalizar\u00e1n sus planes de rehabilitaci\u00f3n para comenzar la pretemporada a la par de sus compa\u00f1eros.<\/p>\n<p style=\"text-align: justify;\">Carlos Benavidez, que ya hab\u00eda comenzado a entrenarse con el grupo, completar\u00e1 las \u00faltimas semanas de rehabilitaci\u00f3n para tambi\u00e9n realizar la pretemporada con normalidad.<\/p>\n<p style=\"text-align: justify;\">Gast\u00f3n Togni complet\u00f3 sus dos primeros meses de rehabilitaci\u00f3n.<\/p>\n","protected":false},"excerpt":{"rendered":"<div class=\"mh-excerpt\"><p>Tras la victoria ante R\u00edo Negro \u00c1guilas, el plantel qued\u00f3 licenciado hasta el inicio de la pretemporada. Gast\u00f3n Silva evolucion\u00f3 positivamente del cuadro de gastroenteritis sufrido en las \u00faltimas 48 horas. Nicol\u00e1s Figal y Gonzalo <a class=\"mh-excerpt-more\" href=\"https:\/\/www.masrojo.com.ar\/home\/2019\/05\/29\/vacaciones-y-recuperaciones\/\" title=\"VACACIONES Y RECUPERACIONES\">[&#8230;]<\/a><\/p>\n<\/div>","protected":false},"author":6,"featured_media":28515,"comment_status":"closed","ping_status":"closed","sticky":false,"template":"","format":"image","meta":{"_jetpack_memberships_contains_paid_content":false,"footnotes":"","jetpack_publicize_message":"","jetpack_publicize_feature_enabled":true,"jetpack_social_post_already_shared":true,"jetpack_social_options":{"image_generator_settings":{"template":"highway","enabled":false},"version":2}},"categories":[4],"tags":[],"class_list":{"0":"post-28514","1":"post","2":"type-post","3":"status-publish","4":"format-image","5":"has-post-thumbnail","7":"category-actualidad","8":"post_format-post-format-image"},"jetpack_publicize_connections":[],"jetpack_sharing_enabled":true,"jetpack_featured_media_url":"https:\/\/i0.wp.com\/www.masrojo.com.ar\/home\/wp-content\/uploads\/VD.jpg?fit=677%2C381&ssl=1","jetpack_shortlink":"https:\/\/wp.me\/p90W9F-7pU","_links":{"self":[{"href":"https:\/\/www.masrojo.com.ar\/home\/wp-json\/wp\/v2\/posts\/28514"}],"collection":[{"href":"https:\/\/www.masrojo.com.ar\/home\/wp-json\/wp\/v2\/posts"}],"about":[{"href":"https:\/\/www.masrojo.com.ar\/home\/wp-json\/wp\/v2\/types\/post"}],"author":[{"embeddable":true,"href":"https:\/\/www.masrojo.com.ar\/home\/wp-json\/wp\/v2\/users\/6"}],"replies":[{"embeddable":true,"href":"https:\/\/www.masrojo.com.ar\/home\/wp-json\/wp\/v2\/comments?post=28514"}],"version-history":[{"count":0,"href":"https:\/\/www.masrojo.com.ar\/home\/wp-json\/wp\/v2\/posts\/28514\/revisions"}],"wp:featuredmedia":[{"embeddable":true,"href":"https:\/\/www.masrojo.com.ar\/home\/wp-json\/wp\/v2\/media\/28515"}],"wp:attachment":[{"href":"https:\/\/www.masrojo.com.ar\/home\/wp-json\/wp\/v2\/media?parent=28514"}],"wp:term":[{"taxonomy":"category","embeddable":true,"href":"https:\/\/www.masrojo.com.ar\/home\/wp-json\/wp\/v2\/categories?post=28514"},{"taxonomy":"post_tag","embeddable":true,"href":"https:\/\/www.masrojo.com.ar\/home\/wp-json\/wp\/v2\/tags?post=28514"}],"curies":[{"name":"wp","href":"https:\/\/api.w.org\/{rel}","templated":true}]}}