{"id":28522,"date":"2019-05-30T09:34:03","date_gmt":"2019-05-30T12:34:03","guid":{"rendered":"https:\/\/www.masrojo.com.ar\/home\/?p=28522"},"modified":"2019-05-30T09:34:03","modified_gmt":"2019-05-30T12:34:03","slug":"en-manos-de-hugo","status":"publish","type":"post","link":"https:\/\/www.masrojo.com.ar\/home\/2019\/05\/30\/en-manos-de-hugo\/","title":{"rendered":"EN MANOS DE HUGO"},"content":{"rendered":"<p class=\"bajada\" style=\"text-align: justify;\">El t\u00e9cnico tiene al resto de la c\u00fapula dirigencial en su contra y su continuidad depende de si logra persuadir al presidente de la instituci\u00f3n.<\/p>\n<p style=\"text-align: justify;\">\u00a0Ariel Holan se reunir\u00e1 entre el jueves y el lunes con Hugo Moyano para determinar el futuro de la conducci\u00f3n t\u00e9cnica del equipo. Es que el presidente de Independiente es el \u00fanico que puede torcer la postura del resto de la dirigencia para que el Profesor contin\u00fae en el cargo.<\/p>\n<p style=\"text-align: justify;\">Tanto Pablo Moyano, el vicepresidente, como H\u00e9ctor Maldonado, el secretario general, consideran que el desgaste que se produjo con el DT es dif\u00edcil de remontar y no ser\u00eda oportuno continuar con su proyecto futbol\u00edstico, sobre todo porque podr\u00edan activar la famosa cl\u00e1usula de rescisi\u00f3n, que tiene el club cada vez que finaliza una temporada, para no tener que pagar un resarcimiento econ\u00f3mico.<\/p>\n<div id=\"inline\" data-google-query-id=\"CN_Fg9ugw-ICFclpwQodr6kKKg\">\n<div id=\"google_ads_iframe_\/125006397\/tyc\/nota\/inline_0__container__\"><iframe id=\"google_ads_iframe_\/125006397\/tyc\/nota\/inline_0\" title=\"3rd party ad content\" name=\"google_ads_iframe_\/125006397\/tyc\/nota\/inline_0\" width=\"1\" height=\"1\" frameborder=\"0\" marginwidth=\"0\" marginheight=\"0\" scrolling=\"no\" data-google-container-id=\"6\" data-load-complete=\"true\" data-mce-fragment=\"1\"><\/iframe><\/div>\n<\/div>\n<p style=\"text-align: justify;\">Lo cierto es que ambos esperaban otra cosa en la conferencia de prensa tras el pase a los octavos de final de la Copa Sudamericana 2019 ante Rionegro \u00c1guilas: que Holan quiera descomprimir la situaci\u00f3n y no llegue a esta \u00faltima reuni\u00f3n.<\/p>\n<p style=\"text-align: justify;\">Esta claro que la \u00faltima palabra la tendr\u00e1 Hugo, quien en la previa del duelo en el Libertadores de Am\u00e9rica no fue contundente sobre el futuro de Ariel, cuyo contrato vence en 2021 y deber\u00e1 hacer todo lo posible para persuadir al presidente de la instituci\u00f3n, sobre todo porque algunos jugadores querr\u00edan buscar una salida.<\/p>\n","protected":false},"excerpt":{"rendered":"<div class=\"mh-excerpt\"><p>El t\u00e9cnico tiene al resto de la c\u00fapula dirigencial en su contra y su continuidad depende de si logra persuadir al presidente de la instituci\u00f3n. \u00a0Ariel Holan se reunir\u00e1 entre el jueves y el lunes <a class=\"mh-excerpt-more\" href=\"https:\/\/www.masrojo.com.ar\/home\/2019\/05\/30\/en-manos-de-hugo\/\" title=\"EN MANOS DE HUGO\">[&#8230;]<\/a><\/p>\n<\/div>","protected":false},"author":6,"featured_media":0,"comment_status":"closed","ping_status":"closed","sticky":false,"template":"","format":"image","meta":{"_jetpack_memberships_contains_paid_content":false,"footnotes":"","jetpack_publicize_message":"","jetpack_publicize_feature_enabled":true,"jetpack_social_post_already_shared":true,"jetpack_social_options":{"image_generator_settings":{"template":"highway","enabled":false},"version":2}},"categories":[4],"tags":[],"class_list":{"0":"post-28522","1":"post","2":"type-post","3":"status-publish","4":"format-image","6":"category-actualidad","7":"post_format-post-format-image"},"jetpack_publicize_connections":[],"jetpack_sharing_enabled":true,"jetpack_featured_media_url":"","jetpack_shortlink":"https:\/\/wp.me\/p90W9F-7q2","_links":{"self":[{"href":"https:\/\/www.masrojo.com.ar\/home\/wp-json\/wp\/v2\/posts\/28522"}],"collection":[{"href":"https:\/\/www.masrojo.com.ar\/home\/wp-json\/wp\/v2\/posts"}],"about":[{"href":"https:\/\/www.masrojo.com.ar\/home\/wp-json\/wp\/v2\/types\/post"}],"author":[{"embeddable":true,"href":"https:\/\/www.masrojo.com.ar\/home\/wp-json\/wp\/v2\/users\/6"}],"replies":[{"embeddable":true,"href":"https:\/\/www.masrojo.com.ar\/home\/wp-json\/wp\/v2\/comments?post=28522"}],"version-history":[{"count":0,"href":"https:\/\/www.masrojo.com.ar\/home\/wp-json\/wp\/v2\/posts\/28522\/revisions"}],"wp:attachment":[{"href":"https:\/\/www.masrojo.com.ar\/home\/wp-json\/wp\/v2\/media?parent=28522"}],"wp:term":[{"taxonomy":"category","embeddable":true,"href":"https:\/\/www.masrojo.com.ar\/home\/wp-json\/wp\/v2\/categories?post=28522"},{"taxonomy":"post_tag","embeddable":true,"href":"https:\/\/www.masrojo.com.ar\/home\/wp-json\/wp\/v2\/tags?post=28522"}],"curies":[{"name":"wp","href":"https:\/\/api.w.org\/{rel}","templated":true}]}}