{"id":28529,"date":"2019-05-30T16:43:49","date_gmt":"2019-05-30T19:43:49","guid":{"rendered":"https:\/\/www.masrojo.com.ar\/home\/?p=28529"},"modified":"2019-05-31T09:01:53","modified_gmt":"2019-05-31T12:01:53","slug":"holan-ya-no-es-mas-el-entrenador","status":"publish","type":"post","link":"https:\/\/www.masrojo.com.ar\/home\/2019\/05\/30\/holan-ya-no-es-mas-el-entrenador\/","title":{"rendered":"HOLAN YA NO ES M\u00c1S EL ENTRENADOR"},"content":{"rendered":"<p style=\"text-align: justify;\">Holan<em><strong> dej\u00f3 de ser el t\u00e9cnico de Independiente. Luego de un semestre deslucido y m\u00e1s all\u00e1 de continuar con vida en la Sudamericana, el t\u00e9cnico del Rojo no continuar\u00e1 en el cargo. Beccacece aparece como el principal candidato a reemplazarlo.<\/strong><\/em><\/p>\n<p style=\"text-align: justify;\"><em><strong>Ariel Holan no continuar\u00e1 como entrenador de Independiente\u00a0luego de un final de semestre deslucido del equipo. En su contrato hab\u00eda una cl\u00e1usula que indicaba que el v\u00ednculo pod\u00eda romperse unilateralmente al final de cada temporada y esa fue la determinaci\u00f3n que se tom\u00f3 luego de una reuni\u00f3n con los directivos del club de Avellaneda.<\/strong><\/em><\/p>\n<div id=\"inline_parent\" style=\"text-align: justify;\" align=\"center\">\n<div id=\"inline\" data-google-query-id=\"CN-e0av_w-ICFRESgQod6goBiw\">\n<div id=\"google_ads_iframe_\/125006397\/tyc\/nota\/inline_0__container__\"><iframe id=\"google_ads_iframe_\/125006397\/tyc\/nota\/inline_0\" title=\"3rd party ad content\" name=\"google_ads_iframe_\/125006397\/tyc\/nota\/inline_0\" width=\"1\" height=\"1\" frameborder=\"0\" marginwidth=\"0\" marginheight=\"0\" scrolling=\"no\" data-google-container-id=\"8\" data-load-complete=\"true\" data-mce-fragment=\"1\"><\/iframe><\/div>\n<\/div>\n<\/div>\n<p style=\"text-align: justify;\"><em><strong>M\u00e1s all\u00e1 de la clasificaci\u00f3n a los octavos de final de la Copa Sudamericana,\u00a0su estad\u00eda como DT hab\u00eda estado bajo la lupa en las \u00faltimas semanas\u00a0y, luego de juntarse nuevamente con el presidente Hugo Moyano, se resolvi\u00f3 que lo mejor era tomar caminos separados de cara a lo que viene.<\/strong><\/em><\/p>\n<p style=\"text-align: justify;\"><em><strong>Si bien todav\u00eda no hay demasiadas precisiones con respecto a c\u00f3mo se gest\u00f3 la salida de Holan,\u00a0el principal candidato a reemplazarlo ser\u00eda Sebasti\u00e1n Beccacece, quien\u00a0resolvi\u00f3 el mi\u00e9rcoles que no continuar\u00e1 en Defensa y Justicia.<\/strong><\/em><\/p>\n<p style=\"text-align: justify;\"><em><strong>Despu\u00e9s de eliminar a Rionegro \u00c1guilas tras imponerse por 2-0 en Avellaneda luego del 3-2 de la ida en Antioquia,\u00a0el ahora ex-DT del Rojo expres\u00f3 que ya lo hab\u00edan\u00a0\u00abvelado 50 veces\u00bb\u00a0con respecto a su posible salida y aclar\u00f3 que ten\u00eda\u00a0\u00abcontrato hasta 2021\u00bb. Sin embargo, su camino en el Rojo lleg\u00f3 a su fin.<\/strong><\/em><\/p>\n","protected":false},"excerpt":{"rendered":"<div class=\"mh-excerpt\"><p>Holan dej\u00f3 de ser el t\u00e9cnico de Independiente. Luego de un semestre deslucido y m\u00e1s all\u00e1 de continuar con vida en la Sudamericana, el t\u00e9cnico del Rojo no continuar\u00e1 en el cargo. Beccacece aparece como <a class=\"mh-excerpt-more\" href=\"https:\/\/www.masrojo.com.ar\/home\/2019\/05\/30\/holan-ya-no-es-mas-el-entrenador\/\" title=\"HOLAN YA NO ES M\u00c1S EL ENTRENADOR\">[&#8230;]<\/a><\/p>\n<\/div>","protected":false},"author":6,"featured_media":0,"comment_status":"closed","ping_status":"closed","sticky":false,"template":"","format":"image","meta":{"_jetpack_memberships_contains_paid_content":false,"footnotes":"","jetpack_publicize_message":"","jetpack_publicize_feature_enabled":true,"jetpack_social_post_already_shared":true,"jetpack_social_options":{"image_generator_settings":{"template":"highway","enabled":false},"version":2}},"categories":[4],"tags":[],"class_list":{"0":"post-28529","1":"post","2":"type-post","3":"status-publish","4":"format-image","6":"category-actualidad","7":"post_format-post-format-image"},"jetpack_publicize_connections":[],"jetpack_sharing_enabled":true,"jetpack_featured_media_url":"","jetpack_shortlink":"https:\/\/wp.me\/p90W9F-7q9","_links":{"self":[{"href":"https:\/\/www.masrojo.com.ar\/home\/wp-json\/wp\/v2\/posts\/28529"}],"collection":[{"href":"https:\/\/www.masrojo.com.ar\/home\/wp-json\/wp\/v2\/posts"}],"about":[{"href":"https:\/\/www.masrojo.com.ar\/home\/wp-json\/wp\/v2\/types\/post"}],"author":[{"embeddable":true,"href":"https:\/\/www.masrojo.com.ar\/home\/wp-json\/wp\/v2\/users\/6"}],"replies":[{"embeddable":true,"href":"https:\/\/www.masrojo.com.ar\/home\/wp-json\/wp\/v2\/comments?post=28529"}],"version-history":[{"count":0,"href":"https:\/\/www.masrojo.com.ar\/home\/wp-json\/wp\/v2\/posts\/28529\/revisions"}],"wp:attachment":[{"href":"https:\/\/www.masrojo.com.ar\/home\/wp-json\/wp\/v2\/media?parent=28529"}],"wp:term":[{"taxonomy":"category","embeddable":true,"href":"https:\/\/www.masrojo.com.ar\/home\/wp-json\/wp\/v2\/categories?post=28529"},{"taxonomy":"post_tag","embeddable":true,"href":"https:\/\/www.masrojo.com.ar\/home\/wp-json\/wp\/v2\/tags?post=28529"}],"curies":[{"name":"wp","href":"https:\/\/api.w.org\/{rel}","templated":true}]}}