{"id":28538,"date":"2019-05-31T00:24:58","date_gmt":"2019-05-31T03:24:58","guid":{"rendered":"https:\/\/www.masrojo.com.ar\/home\/?p=28538"},"modified":"2019-05-31T00:24:58","modified_gmt":"2019-05-31T03:24:58","slug":"el-apuntado","status":"publish","type":"post","link":"https:\/\/www.masrojo.com.ar\/home\/2019\/05\/31\/el-apuntado\/","title":{"rendered":"El apuntado"},"content":{"rendered":"<p>Sebasti\u00e1n Becaccece es el nombre que la dirigencia buscar\u00e1 cerrar en las pr\u00f3ximas horas, tras la salida de Ariel Holan. A priori, las charlas estar\u00edan avanzadas.<\/p>\n<p>Era la cr\u00f3nica de un final anunciado. M\u00e1s all\u00e1 de que existi\u00f3 una decisi\u00f3n consensuada entre dirigentes y Holan que hab\u00edan acordado la continuidad del entrenador, el resultado negro que se trajo Independiente desde Colombia ante \u00c1guilas Doradas, cambi\u00f3 el pensamiento de la CD. La informaci\u00f3n que circulaba, era que, sea cual fuera el resultado de la revancha en Avellaneda, Ariel Holan iba a dirigir su \u00faltimo encuentro, y fue as\u00ed.<\/p>\n<p>48 horas m\u00e1s tarde del pase de Independiente a octavos de final de la Copa Sudamericana, el Profesor fue marginado de su cargo, por decisi\u00f3n de la comisi\u00f3n directiva, utilizando como argumento que Holan ya hab\u00eda cumplido un ciclo. Y una coincidencia que va de la mano con este asunto, es la renuncia de Becaccece en Defensa y Justicia. \u00bfCoincidencia?<\/p>\n<p>De no mediar inconvenientes, Sebasti\u00e1n Becaccece ser\u00e1 el nuevo entrenador del Rey de Copas. El acuerdo se deber\u00eda estar cerrando en el transcurso del fin de semana o, como m\u00e1ximo, en los primeros d\u00edas de la pr\u00f3xima semana. El ex entrenador del Halc\u00f3n, habr\u00eda pedido ya algunos jugadores que dirigi\u00f3 en Florencio Varela, tales como Leonel Miranda y Mat\u00edas Rojas (que est\u00e1 casi cerrado en Racing).<\/p>\n<ol>\n<li><\/li>\n<\/ol>\n","protected":false},"excerpt":{"rendered":"<div class=\"mh-excerpt\"><p>Sebasti\u00e1n Becaccece es el nombre que la dirigencia buscar\u00e1 cerrar en las pr\u00f3ximas horas, tras la salida de Ariel Holan. A priori, las charlas estar\u00edan avanzadas. Era la cr\u00f3nica de un final anunciado. M\u00e1s all\u00e1 <a class=\"mh-excerpt-more\" href=\"https:\/\/www.masrojo.com.ar\/home\/2019\/05\/31\/el-apuntado\/\" title=\"El apuntado\">[&#8230;]<\/a><\/p>\n<\/div>","protected":false},"author":2,"featured_media":0,"comment_status":"closed","ping_status":"closed","sticky":false,"template":"","format":"standard","meta":{"_jetpack_memberships_contains_paid_content":false,"footnotes":"","jetpack_publicize_message":"","jetpack_publicize_feature_enabled":true,"jetpack_social_post_already_shared":true,"jetpack_social_options":{"image_generator_settings":{"template":"highway","enabled":false},"version":2}},"categories":[4],"tags":[],"class_list":{"0":"post-28538","1":"post","2":"type-post","3":"status-publish","4":"format-standard","6":"category-actualidad"},"jetpack_publicize_connections":[],"jetpack_sharing_enabled":true,"jetpack_featured_media_url":"","jetpack_shortlink":"https:\/\/wp.me\/p90W9F-7qi","_links":{"self":[{"href":"https:\/\/www.masrojo.com.ar\/home\/wp-json\/wp\/v2\/posts\/28538"}],"collection":[{"href":"https:\/\/www.masrojo.com.ar\/home\/wp-json\/wp\/v2\/posts"}],"about":[{"href":"https:\/\/www.masrojo.com.ar\/home\/wp-json\/wp\/v2\/types\/post"}],"author":[{"embeddable":true,"href":"https:\/\/www.masrojo.com.ar\/home\/wp-json\/wp\/v2\/users\/2"}],"replies":[{"embeddable":true,"href":"https:\/\/www.masrojo.com.ar\/home\/wp-json\/wp\/v2\/comments?post=28538"}],"version-history":[{"count":0,"href":"https:\/\/www.masrojo.com.ar\/home\/wp-json\/wp\/v2\/posts\/28538\/revisions"}],"wp:attachment":[{"href":"https:\/\/www.masrojo.com.ar\/home\/wp-json\/wp\/v2\/media?parent=28538"}],"wp:term":[{"taxonomy":"category","embeddable":true,"href":"https:\/\/www.masrojo.com.ar\/home\/wp-json\/wp\/v2\/categories?post=28538"},{"taxonomy":"post_tag","embeddable":true,"href":"https:\/\/www.masrojo.com.ar\/home\/wp-json\/wp\/v2\/tags?post=28538"}],"curies":[{"name":"wp","href":"https:\/\/api.w.org\/{rel}","templated":true}]}}