{"id":28547,"date":"2019-05-31T08:29:07","date_gmt":"2019-05-31T11:29:07","guid":{"rendered":"https:\/\/www.masrojo.com.ar\/home\/?p=28547"},"modified":"2019-06-04T08:54:12","modified_gmt":"2019-06-04T11:54:12","slug":"vuelve-lolo","status":"publish","type":"post","link":"https:\/\/www.masrojo.com.ar\/home\/2019\/05\/31\/vuelve-lolo\/","title":{"rendered":"\u00bfVUELVE LOLO?"},"content":{"rendered":"<p style=\"text-align: justify;\">El Lolo Miranda pude volver al Rojo.<\/p>\n<p style=\"text-align: justify;\">El ex Independiente y de gran temporada en Defensa y Justicia puede ser repatriado para formar parte del nuevo ciclo que comienza con el nuevo entrenador.<\/p>\n<p style=\"text-align: justify;\">Sabiendo las altas chances de que Sebastian Becaccece sea el nuevo entrrnador, Mirando mostr\u00f3 su inter\u00e9s de volver.<\/p>\n<p style=\"text-align: justify;\">Lolo Miranda ten\u00eda todo acordado con Xolos de Tijuana para jugar la pr\u00f3xima temporada, pero en el d\u00eda de ayer le pidi\u00f3 a su representante que espere porque se quiere quedar en Argentina.<br \/>\n\u00a1Vuelve a Independiente ?<\/p>\n","protected":false},"excerpt":{"rendered":"<div class=\"mh-excerpt\"><p>El Lolo Miranda pude volver al Rojo. El ex Independiente y de gran temporada en Defensa y Justicia puede ser repatriado para formar parte del nuevo ciclo que comienza con el nuevo entrenador. Sabiendo las <a class=\"mh-excerpt-more\" href=\"https:\/\/www.masrojo.com.ar\/home\/2019\/05\/31\/vuelve-lolo\/\" title=\"\u00bfVUELVE LOLO?\">[&#8230;]<\/a><\/p>\n<\/div>","protected":false},"author":6,"featured_media":0,"comment_status":"closed","ping_status":"closed","sticky":false,"template":"","format":"image","meta":{"_jetpack_memberships_contains_paid_content":false,"footnotes":"","jetpack_publicize_message":"","jetpack_publicize_feature_enabled":true,"jetpack_social_post_already_shared":true,"jetpack_social_options":{"image_generator_settings":{"template":"highway","enabled":false},"version":2}},"categories":[4],"tags":[696],"class_list":{"0":"post-28547","1":"post","2":"type-post","3":"status-publish","4":"format-image","6":"category-actualidad","7":"tag-miranda","8":"post_format-post-format-image"},"jetpack_publicize_connections":[],"jetpack_sharing_enabled":true,"jetpack_featured_media_url":"","jetpack_shortlink":"https:\/\/wp.me\/p90W9F-7qr","_links":{"self":[{"href":"https:\/\/www.masrojo.com.ar\/home\/wp-json\/wp\/v2\/posts\/28547"}],"collection":[{"href":"https:\/\/www.masrojo.com.ar\/home\/wp-json\/wp\/v2\/posts"}],"about":[{"href":"https:\/\/www.masrojo.com.ar\/home\/wp-json\/wp\/v2\/types\/post"}],"author":[{"embeddable":true,"href":"https:\/\/www.masrojo.com.ar\/home\/wp-json\/wp\/v2\/users\/6"}],"replies":[{"embeddable":true,"href":"https:\/\/www.masrojo.com.ar\/home\/wp-json\/wp\/v2\/comments?post=28547"}],"version-history":[{"count":0,"href":"https:\/\/www.masrojo.com.ar\/home\/wp-json\/wp\/v2\/posts\/28547\/revisions"}],"wp:attachment":[{"href":"https:\/\/www.masrojo.com.ar\/home\/wp-json\/wp\/v2\/media?parent=28547"}],"wp:term":[{"taxonomy":"category","embeddable":true,"href":"https:\/\/www.masrojo.com.ar\/home\/wp-json\/wp\/v2\/categories?post=28547"},{"taxonomy":"post_tag","embeddable":true,"href":"https:\/\/www.masrojo.com.ar\/home\/wp-json\/wp\/v2\/tags?post=28547"}],"curies":[{"name":"wp","href":"https:\/\/api.w.org\/{rel}","templated":true}]}}